{"id":3041,"date":"2016-12-15T22:39:11","date_gmt":"2016-12-15T21:39:11","guid":{"rendered":"http:\/\/laloba.pl\/kosmetyka\/?p=3041"},"modified":"2017-03-28T22:39:37","modified_gmt":"2017-03-28T20:39:37","slug":"pielegnacja-twarzy-zima","status":"publish","type":"post","link":"https:\/\/laloba.pl\/kosmetyka\/pielegnacja-twarzy-zima\/","title":{"rendered":"Piel\u0119gnacja twarzy zim\u0105"},"content":{"rendered":"<p style=\"text-align: center;\"><span style=\"text-decoration: underline;\"><strong>Jak dba\u0107 o cer\u0119 w zimie?<br \/>\n<\/strong><\/span><\/p>\n<p>Zim\u0105 nasza cera wymaga specjalnego przygotowania. Musimy j\u0105 odpowiednio zabezpieczy\u0107 i przygotowa\u0107 na trudne warunki atmosferyczne na zewn\u0105trz oraz suche powietrze, kt\u00f3re w naszych domach spowodowane jest najcz\u0119\u015bciej ogrzewaniem. Dlatego te\u017c przygotowali\u015bmy seri\u0119 specjalnych zabieg\u00f3w, kt\u00f3re pomog\u0105 lepiej przej\u015b\u0107 ten trudny dla cery okres.<\/p>\n<p>\u2714 ZABIEG KOLAGENOWY \u2013 nawil\u017caj\u0105co-uj\u0119drniaj\u0105cy z mikrodermabrazj\u0105 diamentow\u0105 lub peelingiem kawitacyjnym i sonoforez\u0105; dla cery z pierwszymi oznakami starzenia \u2013 SUPER PROMOCJA \u2013 TYLKO 100 z\u0142 (cena reg 160 z\u0142) !<\/p>\n<p>\u2714 KWASY (PEELINGI CHEMICZNE) \u2013 r\u00f3\u017cne rodzaje: m.in. dla cery dojrza\u0142ej, tr\u0105dzikowej, naczynkowej, z przebarwieniami \u2013 mini-seria zabiegowa 25 % taniej \u2013 3 + 1 GRATIS<\/p>\n<p>\u2714 MEZOTERAPIA BEZIG\u0141OWA + PEELING KAWITACYJNY \u2013 intensywny, nieinwazyjny zabieg odm\u0142adzaj\u0105cy na twarz, szyj\u0119 i dekolt, z koktajlem hialuronowym, wzmacniaj\u0105cym lub anti-age \u2013 150 z\u0142 (cena regularna 180 z\u0142)<\/p>\n<p>\u2714 ZABIEG Z KOZIM MLEKIEM \u2013 regeneruj\u0105co-koj\u0105cy, z masa\u017cem; dla cery bardzo suchej, wra\u017cliwej, potrzebuj\u0105cej od\u017cywienia \u2013 100 z\u0142 (cena reg 140 z\u0142)<\/p>\n<p>\u2714 ZABIEG Z WITAMIN\u0104 C \u2013 szokowy, odm\u0142adzaj\u0105co-roz\u015bwietlaj\u0105cy; dla cery zm\u0119czonej, dojrza\u0142ej, naczynkowej, potrzebuj\u0105cej rewitalizacji \u2013 130 (GRATIS peeling kawitacyjny lub mikrodermabrazja)<\/p>\n<p>\u2714 RETINOL C PEEL \u2013 zabieg odm\u0142adzaj\u0105co-z\u0142uszczaj\u0105cy z 5 % retinolem i wit. C<br \/>\n\u2013 twarz \u2013 150 z\u0142 (cena reg 170 z\u0142)<br \/>\n\u2013 twarz, szyja i dekolt \u2013 160 z\u0142 (cena reg 190 z\u0142)<\/p>\n<p>\u2714 INTENSYWNE ZABIEGI ANTI-AGE na bazie jadu w\u0119\u017ca, jask\u00f3\u0142czej \u015bliny, placenty lub \u015bluzu \u015blimaka z mikrodermabrazj\u0105, peelingiem kawitacyjnym i sonoforez\u0105 lub mezoterapi\u0105 mikroig\u0142ow\u0105 \u2013 160 z\u0142<br \/>\n\u2013 seria 4 zabieg\u00f3w \u2013 520 z\u0142 (zamiast 640 z\u0142)<\/p>\n","protected":false},"excerpt":{"rendered":"<p>Jak dba\u0107 o cer\u0119 w zimie? Zim\u0105 nasza cera wymaga specjalnego przygotowania. Musimy j\u0105 odpowiednio zabezpieczy\u0107 i przygotowa\u0107 na trudne warunki atmosferyczne na zewn\u0105trz oraz suche powietrze, kt\u00f3re w naszych domach spowodowane jest najcz\u0119\u015bciej ogrzewaniem. Dlatego te\u017c przygotowali\u015bmy seri\u0119 specjalnych zabieg\u00f3w, kt\u00f3re pomog\u0105 lepiej przej\u015b\u0107 ten trudny dla cery okres. \u2714 ZABIEG KOLAGENOWY \u2013 nawil\u017caj\u0105co-uj\u0119drniaj\u0105cy z mikrodermabrazj\u0105 diamentow\u0105 lub peelingiem<\/p>\n<div class=\"h10\"><\/div>\n<p><a class=\"more-link2 flat\" href=\"https:\/\/laloba.pl\/kosmetyka\/pielegnacja-twarzy-zima\/\">Czytaj wi\u0119cej<\/a><\/p>\n","protected":false},"author":3,"featured_media":3102,"comment_status":"closed","ping_status":"closed","sticky":false,"template":"","format":"standard","meta":[],"categories":[3,13],"tags":[190,148],"yoast_head":"<!-- This site is optimized with the Yoast SEO Premium plugin v18.4 (Yoast SEO v19.6.1) - https:\/\/yoast.com\/wordpress\/plugins\/seo\/ -->\n<title>Piel\u0119gnacja twarzy zim\u0105 - Gabinet Kosmetyczny LaLoba<\/title>\n<meta name=\"robots\" content=\"index, follow, max-snippet:-1, max-image-preview:large, max-video-preview:-1\" \/>\n<link rel=\"canonical\" href=\"https:\/\/laloba.pl\/kosmetyka\/pielegnacja-twarzy-zima\/\" \/>\n<meta property=\"og:locale\" content=\"pl_PL\" \/>\n<meta property=\"og:type\" content=\"article\" \/>\n<meta property=\"og:title\" content=\"Piel\u0119gnacja twarzy zim\u0105\" \/>\n<meta property=\"og:description\" content=\"Jak dba\u0107 o cer\u0119 w zimie? Zim\u0105 nasza cera wymaga specjalnego przygotowania. Musimy j\u0105 odpowiednio zabezpieczy\u0107 i przygotowa\u0107 na trudne warunki atmosferyczne na zewn\u0105trz oraz suche powietrze, kt\u00f3re w naszych domach spowodowane jest najcz\u0119\u015bciej ogrzewaniem. Dlatego te\u017c przygotowali\u015bmy seri\u0119 specjalnych zabieg\u00f3w, kt\u00f3re pomog\u0105 lepiej przej\u015b\u0107 ten trudny dla cery okres. \u2714 ZABIEG KOLAGENOWY \u2013 nawil\u017caj\u0105co-uj\u0119drniaj\u0105cy z mikrodermabrazj\u0105 diamentow\u0105 lub peelingiemCzytaj wi\u0119cej\" \/>\n<meta property=\"og:url\" content=\"https:\/\/laloba.pl\/kosmetyka\/pielegnacja-twarzy-zima\/\" \/>\n<meta property=\"og:site_name\" content=\"Gabinet Kosmetyczny LaLoba\" \/>\n<meta property=\"article:published_time\" content=\"2016-12-15T21:39:11+00:00\" \/>\n<meta property=\"article:modified_time\" content=\"2017-03-28T20:39:37+00:00\" \/>\n<meta property=\"og:image\" content=\"https:\/\/laloba.pl\/kosmetyka\/wp-content\/uploads\/zima.jpg\" \/>\n\t<meta property=\"og:image:width\" content=\"1200\" \/>\n\t<meta property=\"og:image:height\" content=\"800\" \/>\n\t<meta property=\"og:image:type\" content=\"image\/jpeg\" \/>\n<meta name=\"author\" content=\"Agnieszka Niemirowska-Kmiecik\" \/>\n<meta name=\"twitter:card\" content=\"summary\" \/>\n<meta name=\"twitter:label1\" content=\"Napisane przez\" \/>\n\t<meta name=\"twitter:data1\" content=\"Agnieszka Niemirowska-Kmiecik\" \/>\n\t<meta name=\"twitter:label2\" content=\"Szacowany czas czytania\" \/>\n\t<meta name=\"twitter:data2\" content=\"1 minuta\" \/>\n<script type=\"application\/ld+json\" class=\"yoast-schema-graph\">{\"@context\":\"https:\/\/schema.org\",\"@graph\":[{\"@type\":\"WebPage\",\"@id\":\"https:\/\/laloba.pl\/kosmetyka\/pielegnacja-twarzy-zima\/\",\"url\":\"https:\/\/laloba.pl\/kosmetyka\/pielegnacja-twarzy-zima\/\",\"name\":\"Piel\u0119gnacja twarzy zim\u0105 - Gabinet Kosmetyczny LaLoba\",\"isPartOf\":{\"@id\":\"https:\/\/laloba.pl\/kosmetyka\/#website\"},\"datePublished\":\"2016-12-15T21:39:11+00:00\",\"dateModified\":\"2017-03-28T20:39:37+00:00\",\"author\":{\"@id\":\"https:\/\/laloba.pl\/kosmetyka\/#\/schema\/person\/525636a22f21bafdf3364456e47a65d7\"},\"breadcrumb\":{\"@id\":\"https:\/\/laloba.pl\/kosmetyka\/pielegnacja-twarzy-zima\/#breadcrumb\"},\"inLanguage\":\"pl-PL\",\"potentialAction\":[{\"@type\":\"ReadAction\",\"target\":[\"https:\/\/laloba.pl\/kosmetyka\/pielegnacja-twarzy-zima\/\"]}]},{\"@type\":\"BreadcrumbList\",\"@id\":\"https:\/\/laloba.pl\/kosmetyka\/pielegnacja-twarzy-zima\/#breadcrumb\",\"itemListElement\":[{\"@type\":\"ListItem\",\"position\":1,\"name\":\"Strona g\u0142\u00f3wna\",\"item\":\"https:\/\/laloba.pl\/kosmetyka\/\"},{\"@type\":\"ListItem\",\"position\":2,\"name\":\"Piel\u0119gnacja twarzy zim\u0105\"}]},{\"@type\":\"WebSite\",\"@id\":\"https:\/\/laloba.pl\/kosmetyka\/#website\",\"url\":\"https:\/\/laloba.pl\/kosmetyka\/\",\"name\":\"Gabinet Kosmetyczny LaLoba\",\"description\":\"LaLoba Care&amp;Activity\",\"potentialAction\":[{\"@type\":\"SearchAction\",\"target\":{\"@type\":\"EntryPoint\",\"urlTemplate\":\"https:\/\/laloba.pl\/kosmetyka\/?s={search_term_string}\"},\"query-input\":\"required name=search_term_string\"}],\"inLanguage\":\"pl-PL\"},{\"@type\":\"Person\",\"@id\":\"https:\/\/laloba.pl\/kosmetyka\/#\/schema\/person\/525636a22f21bafdf3364456e47a65d7\",\"name\":\"Agnieszka Niemirowska-Kmiecik\",\"image\":{\"@type\":\"ImageObject\",\"inLanguage\":\"pl-PL\",\"@id\":\"https:\/\/laloba.pl\/kosmetyka\/#\/schema\/person\/image\/\",\"url\":\"https:\/\/secure.gravatar.com\/avatar\/4d6e985064c7f1b864f9093c6f2d4abc?s=96&d=mm&r=g\",\"contentUrl\":\"https:\/\/secure.gravatar.com\/avatar\/4d6e985064c7f1b864f9093c6f2d4abc?s=96&d=mm&r=g\",\"caption\":\"Agnieszka Niemirowska-Kmiecik\"},\"url\":\"https:\/\/laloba.pl\/kosmetyka\/author\/admin\/\"}]}<\/script>\n<!-- \/ Yoast SEO Premium plugin. -->","yoast_head_json":{"title":"Piel\u0119gnacja twarzy zim\u0105 - Gabinet Kosmetyczny LaLoba","robots":{"index":"index","follow":"follow","max-snippet":"max-snippet:-1","max-image-preview":"max-image-preview:large","max-video-preview":"max-video-preview:-1"},"canonical":"https:\/\/laloba.pl\/kosmetyka\/pielegnacja-twarzy-zima\/","og_locale":"pl_PL","og_type":"article","og_title":"Piel\u0119gnacja twarzy zim\u0105","og_description":"Jak dba\u0107 o cer\u0119 w zimie? Zim\u0105 nasza cera wymaga specjalnego przygotowania. Musimy j\u0105 odpowiednio zabezpieczy\u0107 i przygotowa\u0107 na trudne warunki atmosferyczne na zewn\u0105trz oraz suche powietrze, kt\u00f3re w naszych domach spowodowane jest najcz\u0119\u015bciej ogrzewaniem. Dlatego te\u017c przygotowali\u015bmy seri\u0119 specjalnych zabieg\u00f3w, kt\u00f3re pomog\u0105 lepiej przej\u015b\u0107 ten trudny dla cery okres. \u2714 ZABIEG KOLAGENOWY \u2013 nawil\u017caj\u0105co-uj\u0119drniaj\u0105cy z mikrodermabrazj\u0105 diamentow\u0105 lub peelingiemCzytaj wi\u0119cej","og_url":"https:\/\/laloba.pl\/kosmetyka\/pielegnacja-twarzy-zima\/","og_site_name":"Gabinet Kosmetyczny LaLoba","article_published_time":"2016-12-15T21:39:11+00:00","article_modified_time":"2017-03-28T20:39:37+00:00","og_image":[{"width":1200,"height":800,"url":"https:\/\/laloba.pl\/kosmetyka\/wp-content\/uploads\/zima.jpg","type":"image\/jpeg"}],"author":"Agnieszka Niemirowska-Kmiecik","twitter_card":"summary","twitter_misc":{"Napisane przez":"Agnieszka Niemirowska-Kmiecik","Szacowany czas czytania":"1 minuta"},"schema":{"@context":"https:\/\/schema.org","@graph":[{"@type":"WebPage","@id":"https:\/\/laloba.pl\/kosmetyka\/pielegnacja-twarzy-zima\/","url":"https:\/\/laloba.pl\/kosmetyka\/pielegnacja-twarzy-zima\/","name":"Piel\u0119gnacja twarzy zim\u0105 - Gabinet Kosmetyczny LaLoba","isPartOf":{"@id":"https:\/\/laloba.pl\/kosmetyka\/#website"},"datePublished":"2016-12-15T21:39:11+00:00","dateModified":"2017-03-28T20:39:37+00:00","author":{"@id":"https:\/\/laloba.pl\/kosmetyka\/#\/schema\/person\/525636a22f21bafdf3364456e47a65d7"},"breadcrumb":{"@id":"https:\/\/laloba.pl\/kosmetyka\/pielegnacja-twarzy-zima\/#breadcrumb"},"inLanguage":"pl-PL","potentialAction":[{"@type":"ReadAction","target":["https:\/\/laloba.pl\/kosmetyka\/pielegnacja-twarzy-zima\/"]}]},{"@type":"BreadcrumbList","@id":"https:\/\/laloba.pl\/kosmetyka\/pielegnacja-twarzy-zima\/#breadcrumb","itemListElement":[{"@type":"ListItem","position":1,"name":"Strona g\u0142\u00f3wna","item":"https:\/\/laloba.pl\/kosmetyka\/"},{"@type":"ListItem","position":2,"name":"Piel\u0119gnacja twarzy zim\u0105"}]},{"@type":"WebSite","@id":"https:\/\/laloba.pl\/kosmetyka\/#website","url":"https:\/\/laloba.pl\/kosmetyka\/","name":"Gabinet Kosmetyczny LaLoba","description":"LaLoba Care&amp;Activity","potentialAction":[{"@type":"SearchAction","target":{"@type":"EntryPoint","urlTemplate":"https:\/\/laloba.pl\/kosmetyka\/?s={search_term_string}"},"query-input":"required name=search_term_string"}],"inLanguage":"pl-PL"},{"@type":"Person","@id":"https:\/\/laloba.pl\/kosmetyka\/#\/schema\/person\/525636a22f21bafdf3364456e47a65d7","name":"Agnieszka Niemirowska-Kmiecik","image":{"@type":"ImageObject","inLanguage":"pl-PL","@id":"https:\/\/laloba.pl\/kosmetyka\/#\/schema\/person\/image\/","url":"https:\/\/secure.gravatar.com\/avatar\/4d6e985064c7f1b864f9093c6f2d4abc?s=96&d=mm&r=g","contentUrl":"https:\/\/secure.gravatar.com\/avatar\/4d6e985064c7f1b864f9093c6f2d4abc?s=96&d=mm&r=g","caption":"Agnieszka Niemirowska-Kmiecik"},"url":"https:\/\/laloba.pl\/kosmetyka\/author\/admin\/"}]}},"_links":{"self":[{"href":"https:\/\/laloba.pl\/kosmetyka\/wp-json\/wp\/v2\/posts\/3041"}],"collection":[{"href":"https:\/\/laloba.pl\/kosmetyka\/wp-json\/wp\/v2\/posts"}],"about":[{"href":"https:\/\/laloba.pl\/kosmetyka\/wp-json\/wp\/v2\/types\/post"}],"author":[{"embeddable":true,"href":"https:\/\/laloba.pl\/kosmetyka\/wp-json\/wp\/v2\/users\/3"}],"replies":[{"embeddable":true,"href":"https:\/\/laloba.pl\/kosmetyka\/wp-json\/wp\/v2\/comments?post=3041"}],"version-history":[{"count":0,"href":"https:\/\/laloba.pl\/kosmetyka\/wp-json\/wp\/v2\/posts\/3041\/revisions"}],"wp:featuredmedia":[{"embeddable":true,"href":"https:\/\/laloba.pl\/kosmetyka\/wp-json\/wp\/v2\/media\/3102"}],"wp:attachment":[{"href":"https:\/\/laloba.pl\/kosmetyka\/wp-json\/wp\/v2\/media?parent=3041"}],"wp:term":[{"taxonomy":"category","embeddable":true,"href":"https:\/\/laloba.pl\/kosmetyka\/wp-json\/wp\/v2\/categories?post=3041"},{"taxonomy":"post_tag","embeddable":true,"href":"https:\/\/laloba.pl\/kosmetyka\/wp-json\/wp\/v2\/tags?post=3041"}],"curies":[{"name":"wp","href":"https:\/\/api.w.org\/{rel}","templated":true}]}}