{"id":4285,"date":"2018-12-13T16:30:02","date_gmt":"2018-12-13T15:30:02","guid":{"rendered":"http:\/\/laloba.pl\/kosmetyka\/?p=4285"},"modified":"2018-12-13T18:38:11","modified_gmt":"2018-12-13T17:38:11","slug":"godziny-otwarcia-w-swieta","status":"publish","type":"post","link":"https:\/\/laloba.pl\/kosmetyka\/godziny-otwarcia-w-swieta\/","title":{"rendered":"Godziny otwarcia w okresie \u015bwi\u0105teczno-noworocznym"},"content":{"rendered":"<h4>Gabinet w okresie \u015bwi\u0105tecznym!<\/h4>\n<p>Kochane! W okresie oko\u0142o-\u015bwi\u0105tecznym gabinety kosmetyczne w LaLoba Care&amp;Activity b\u0119d\u0105 dzia\u0142a\u0107 troszk\u0119 inaczej ni\u017c zwykle i co wa\u017cne &#8211; niezale\u017cnie od otwarcia klub\u00f3w.<\/p>\n<p>Poni\u017cej godziny otwarcia w obu klubach LaLoba zar\u00f3wno przy ul. Beskidzkiej 30C jak i przy ul. Alfreda Dauna 113.<\/p>\n<p style=\"padding-left: 30px;\">\u2744\ufe0f 22.12. (sobota) &#8211; oba gabinety otwarte 8:30 &#8211; 17:00 (od 14:30 tylko na zapisy)<br \/>\n\u2744\ufe0f 23.12. (niedziela) &#8211; nieczynne<br \/>\n\u2744\ufe0f 24.12. (wigilia) &#8211; oba gabinety czynne 8:30 &#8211; 14:00 (tylko na zapisy)<br \/>\n\u2744\ufe0f 25 i 26.12. (\u015awi\u0119ta) &#8211; nieczynne<br \/>\n\u2744\ufe0f 27.12. (czwartek)<br \/>\n&#8211; gabinet przy ul. Beskidzkiej czynny 9:00-22:00<br \/>\n&#8211; gabinet przy ul. A. Dauna czynny 15:00 &#8211; 22:00<br \/>\n\u2744\ufe0f 28.12. (pi\u0105tek)<br \/>\n&#8211; gabinet przy ul. Beskidzkiej czynny 11:00-21:00<br \/>\n&#8211; gabinet przy ul. A. Dauna czynny 8:30 &#8211; 22:00<br \/>\n\u2744\ufe0f 29.12. (sobota) &#8211; oba gabinety czynne 8:30 &#8211; 14:30 (by\u0107 mo\u017ce d\u0142u\u017cej, je\u015bli b\u0119dzie taka potrzeba)<br \/>\n\u2744\ufe0f 30.12. (niedziela) &#8211; oba gabinety zamkni\u0119te<br \/>\n\u2744\ufe0f 31.12. (poniedzia\u0142ek \/ Sylwester) &#8211; oba gabinety czynne 12:00 &#8211; 18:00 (tylko na zapisy &#8211; nied\u0142ugo zdradzimy, co b\u0119dzie w specjalnym pakiecie sylwestrowym \ud83e\udd29)<\/p>\n<p>&nbsp;<\/p>\n<p>[vc_row][vc_column]<a\thref=\"https:\/\/laloba.pl\/kosmetyka\/cennik\/\" \n\t\t\t\tclass=\"button btn_medium btn_theme_color btn_rounded btn_3d icon_pos_before   \"  target='_self'> <i class='icon icon-look'><\/i> <span>Aktualny cennik pe\u0142nej oferty<\/span><\/a>[\/vc_column][\/vc_row]<\/p>\n<p>&nbsp;<\/p>\n","protected":false},"excerpt":{"rendered":"<p>Gabinet w okresie \u015bwi\u0105tecznym! Kochane! W okresie oko\u0142o-\u015bwi\u0105tecznym gabinety kosmetyczne w LaLoba Care&amp;Activity b\u0119d\u0105 dzia\u0142a\u0107 troszk\u0119 inaczej ni\u017c zwykle i co wa\u017cne &#8211; niezale\u017cnie od otwarcia klub\u00f3w. Poni\u017cej godziny otwarcia w obu klubach LaLoba zar\u00f3wno przy ul. Beskidzkiej 30C jak i przy ul. Alfreda Dauna 113. \u2744\ufe0f 22.12. (sobota) &#8211; oba gabinety otwarte 8:30 &#8211; 17:00 (od 14:30 tylko na<\/p>\n<div class=\"h10\"><\/div>\n<p><a class=\"more-link2 flat\" href=\"https:\/\/laloba.pl\/kosmetyka\/godziny-otwarcia-w-swieta\/\">Czytaj wi\u0119cej<\/a><\/p>\n","protected":false},"author":3,"featured_media":4288,"comment_status":"closed","ping_status":"closed","sticky":false,"template":"","format":"standard","meta":[],"categories":[3],"tags":[276],"yoast_head":"<!-- This site is optimized with the Yoast SEO Premium plugin v18.4 (Yoast SEO v19.6.1) - https:\/\/yoast.com\/wordpress\/plugins\/seo\/ -->\n<title>Godziny otwarcia w okresie \u015bwi\u0105teczno-noworocznym - Gabinet Kosmetyczny LaLoba<\/title>\n<meta name=\"robots\" content=\"index, follow, max-snippet:-1, max-image-preview:large, max-video-preview:-1\" \/>\n<link rel=\"canonical\" href=\"https:\/\/laloba.pl\/kosmetyka\/godziny-otwarcia-w-swieta\/\" \/>\n<meta property=\"og:locale\" content=\"pl_PL\" \/>\n<meta property=\"og:type\" content=\"article\" \/>\n<meta property=\"og:title\" content=\"Godziny otwarcia w okresie \u015bwi\u0105teczno-noworocznym\" \/>\n<meta property=\"og:description\" content=\"Gabinet w okresie \u015bwi\u0105tecznym! Kochane! W okresie oko\u0142o-\u015bwi\u0105tecznym gabinety kosmetyczne w LaLoba Care&amp;Activity b\u0119d\u0105 dzia\u0142a\u0107 troszk\u0119 inaczej ni\u017c zwykle i co wa\u017cne &#8211; niezale\u017cnie od otwarcia klub\u00f3w. Poni\u017cej godziny otwarcia w obu klubach LaLoba zar\u00f3wno przy ul. Beskidzkiej 30C jak i przy ul. Alfreda Dauna 113. \u2744\ufe0f 22.12. (sobota) &#8211; oba gabinety otwarte 8:30 &#8211; 17:00 (od 14:30 tylko naCzytaj wi\u0119cej\" \/>\n<meta property=\"og:url\" content=\"https:\/\/laloba.pl\/kosmetyka\/godziny-otwarcia-w-swieta\/\" \/>\n<meta property=\"og:site_name\" content=\"Gabinet Kosmetyczny LaLoba\" \/>\n<meta property=\"article:published_time\" content=\"2018-12-13T15:30:02+00:00\" \/>\n<meta property=\"article:modified_time\" content=\"2018-12-13T17:38:11+00:00\" \/>\n<meta property=\"og:image\" content=\"https:\/\/laloba.pl\/kosmetyka\/wp-content\/uploads\/godziny-1.png\" \/>\n\t<meta property=\"og:image:width\" content=\"1200\" \/>\n\t<meta property=\"og:image:height\" content=\"800\" \/>\n\t<meta property=\"og:image:type\" content=\"image\/png\" \/>\n<meta name=\"author\" content=\"Agnieszka Niemirowska-Kmiecik\" \/>\n<meta name=\"twitter:card\" content=\"summary\" \/>\n<meta name=\"twitter:label1\" content=\"Napisane przez\" \/>\n\t<meta name=\"twitter:data1\" content=\"Agnieszka Niemirowska-Kmiecik\" \/>\n\t<meta name=\"twitter:label2\" content=\"Szacowany czas czytania\" \/>\n\t<meta name=\"twitter:data2\" content=\"1 minuta\" \/>\n<script type=\"application\/ld+json\" class=\"yoast-schema-graph\">{\"@context\":\"https:\/\/schema.org\",\"@graph\":[{\"@type\":\"WebPage\",\"@id\":\"https:\/\/laloba.pl\/kosmetyka\/godziny-otwarcia-w-swieta\/\",\"url\":\"https:\/\/laloba.pl\/kosmetyka\/godziny-otwarcia-w-swieta\/\",\"name\":\"Godziny otwarcia w okresie \u015bwi\u0105teczno-noworocznym - Gabinet Kosmetyczny LaLoba\",\"isPartOf\":{\"@id\":\"https:\/\/laloba.pl\/kosmetyka\/#website\"},\"datePublished\":\"2018-12-13T15:30:02+00:00\",\"dateModified\":\"2018-12-13T17:38:11+00:00\",\"author\":{\"@id\":\"https:\/\/laloba.pl\/kosmetyka\/#\/schema\/person\/525636a22f21bafdf3364456e47a65d7\"},\"breadcrumb\":{\"@id\":\"https:\/\/laloba.pl\/kosmetyka\/godziny-otwarcia-w-swieta\/#breadcrumb\"},\"inLanguage\":\"pl-PL\",\"potentialAction\":[{\"@type\":\"ReadAction\",\"target\":[\"https:\/\/laloba.pl\/kosmetyka\/godziny-otwarcia-w-swieta\/\"]}]},{\"@type\":\"BreadcrumbList\",\"@id\":\"https:\/\/laloba.pl\/kosmetyka\/godziny-otwarcia-w-swieta\/#breadcrumb\",\"itemListElement\":[{\"@type\":\"ListItem\",\"position\":1,\"name\":\"Strona g\u0142\u00f3wna\",\"item\":\"https:\/\/laloba.pl\/kosmetyka\/\"},{\"@type\":\"ListItem\",\"position\":2,\"name\":\"Godziny otwarcia w okresie \u015bwi\u0105teczno-noworocznym\"}]},{\"@type\":\"WebSite\",\"@id\":\"https:\/\/laloba.pl\/kosmetyka\/#website\",\"url\":\"https:\/\/laloba.pl\/kosmetyka\/\",\"name\":\"Gabinet Kosmetyczny LaLoba\",\"description\":\"LaLoba Care&amp;Activity\",\"potentialAction\":[{\"@type\":\"SearchAction\",\"target\":{\"@type\":\"EntryPoint\",\"urlTemplate\":\"https:\/\/laloba.pl\/kosmetyka\/?s={search_term_string}\"},\"query-input\":\"required name=search_term_string\"}],\"inLanguage\":\"pl-PL\"},{\"@type\":\"Person\",\"@id\":\"https:\/\/laloba.pl\/kosmetyka\/#\/schema\/person\/525636a22f21bafdf3364456e47a65d7\",\"name\":\"Agnieszka Niemirowska-Kmiecik\",\"image\":{\"@type\":\"ImageObject\",\"inLanguage\":\"pl-PL\",\"@id\":\"https:\/\/laloba.pl\/kosmetyka\/#\/schema\/person\/image\/\",\"url\":\"https:\/\/secure.gravatar.com\/avatar\/4d6e985064c7f1b864f9093c6f2d4abc?s=96&d=mm&r=g\",\"contentUrl\":\"https:\/\/secure.gravatar.com\/avatar\/4d6e985064c7f1b864f9093c6f2d4abc?s=96&d=mm&r=g\",\"caption\":\"Agnieszka Niemirowska-Kmiecik\"},\"url\":\"https:\/\/laloba.pl\/kosmetyka\/author\/admin\/\"}]}<\/script>\n<!-- \/ Yoast SEO Premium plugin. -->","yoast_head_json":{"title":"Godziny otwarcia w okresie \u015bwi\u0105teczno-noworocznym - Gabinet Kosmetyczny LaLoba","robots":{"index":"index","follow":"follow","max-snippet":"max-snippet:-1","max-image-preview":"max-image-preview:large","max-video-preview":"max-video-preview:-1"},"canonical":"https:\/\/laloba.pl\/kosmetyka\/godziny-otwarcia-w-swieta\/","og_locale":"pl_PL","og_type":"article","og_title":"Godziny otwarcia w okresie \u015bwi\u0105teczno-noworocznym","og_description":"Gabinet w okresie \u015bwi\u0105tecznym! Kochane! W okresie oko\u0142o-\u015bwi\u0105tecznym gabinety kosmetyczne w LaLoba Care&amp;Activity b\u0119d\u0105 dzia\u0142a\u0107 troszk\u0119 inaczej ni\u017c zwykle i co wa\u017cne &#8211; niezale\u017cnie od otwarcia klub\u00f3w. Poni\u017cej godziny otwarcia w obu klubach LaLoba zar\u00f3wno przy ul. Beskidzkiej 30C jak i przy ul. Alfreda Dauna 113. \u2744\ufe0f 22.12. (sobota) &#8211; oba gabinety otwarte 8:30 &#8211; 17:00 (od 14:30 tylko naCzytaj wi\u0119cej","og_url":"https:\/\/laloba.pl\/kosmetyka\/godziny-otwarcia-w-swieta\/","og_site_name":"Gabinet Kosmetyczny LaLoba","article_published_time":"2018-12-13T15:30:02+00:00","article_modified_time":"2018-12-13T17:38:11+00:00","og_image":[{"width":1200,"height":800,"url":"https:\/\/laloba.pl\/kosmetyka\/wp-content\/uploads\/godziny-1.png","type":"image\/png"}],"author":"Agnieszka Niemirowska-Kmiecik","twitter_card":"summary","twitter_misc":{"Napisane przez":"Agnieszka Niemirowska-Kmiecik","Szacowany czas czytania":"1 minuta"},"schema":{"@context":"https:\/\/schema.org","@graph":[{"@type":"WebPage","@id":"https:\/\/laloba.pl\/kosmetyka\/godziny-otwarcia-w-swieta\/","url":"https:\/\/laloba.pl\/kosmetyka\/godziny-otwarcia-w-swieta\/","name":"Godziny otwarcia w okresie \u015bwi\u0105teczno-noworocznym - Gabinet Kosmetyczny LaLoba","isPartOf":{"@id":"https:\/\/laloba.pl\/kosmetyka\/#website"},"datePublished":"2018-12-13T15:30:02+00:00","dateModified":"2018-12-13T17:38:11+00:00","author":{"@id":"https:\/\/laloba.pl\/kosmetyka\/#\/schema\/person\/525636a22f21bafdf3364456e47a65d7"},"breadcrumb":{"@id":"https:\/\/laloba.pl\/kosmetyka\/godziny-otwarcia-w-swieta\/#breadcrumb"},"inLanguage":"pl-PL","potentialAction":[{"@type":"ReadAction","target":["https:\/\/laloba.pl\/kosmetyka\/godziny-otwarcia-w-swieta\/"]}]},{"@type":"BreadcrumbList","@id":"https:\/\/laloba.pl\/kosmetyka\/godziny-otwarcia-w-swieta\/#breadcrumb","itemListElement":[{"@type":"ListItem","position":1,"name":"Strona g\u0142\u00f3wna","item":"https:\/\/laloba.pl\/kosmetyka\/"},{"@type":"ListItem","position":2,"name":"Godziny otwarcia w okresie \u015bwi\u0105teczno-noworocznym"}]},{"@type":"WebSite","@id":"https:\/\/laloba.pl\/kosmetyka\/#website","url":"https:\/\/laloba.pl\/kosmetyka\/","name":"Gabinet Kosmetyczny LaLoba","description":"LaLoba Care&amp;Activity","potentialAction":[{"@type":"SearchAction","target":{"@type":"EntryPoint","urlTemplate":"https:\/\/laloba.pl\/kosmetyka\/?s={search_term_string}"},"query-input":"required name=search_term_string"}],"inLanguage":"pl-PL"},{"@type":"Person","@id":"https:\/\/laloba.pl\/kosmetyka\/#\/schema\/person\/525636a22f21bafdf3364456e47a65d7","name":"Agnieszka Niemirowska-Kmiecik","image":{"@type":"ImageObject","inLanguage":"pl-PL","@id":"https:\/\/laloba.pl\/kosmetyka\/#\/schema\/person\/image\/","url":"https:\/\/secure.gravatar.com\/avatar\/4d6e985064c7f1b864f9093c6f2d4abc?s=96&d=mm&r=g","contentUrl":"https:\/\/secure.gravatar.com\/avatar\/4d6e985064c7f1b864f9093c6f2d4abc?s=96&d=mm&r=g","caption":"Agnieszka Niemirowska-Kmiecik"},"url":"https:\/\/laloba.pl\/kosmetyka\/author\/admin\/"}]}},"_links":{"self":[{"href":"https:\/\/laloba.pl\/kosmetyka\/wp-json\/wp\/v2\/posts\/4285"}],"collection":[{"href":"https:\/\/laloba.pl\/kosmetyka\/wp-json\/wp\/v2\/posts"}],"about":[{"href":"https:\/\/laloba.pl\/kosmetyka\/wp-json\/wp\/v2\/types\/post"}],"author":[{"embeddable":true,"href":"https:\/\/laloba.pl\/kosmetyka\/wp-json\/wp\/v2\/users\/3"}],"replies":[{"embeddable":true,"href":"https:\/\/laloba.pl\/kosmetyka\/wp-json\/wp\/v2\/comments?post=4285"}],"version-history":[{"count":0,"href":"https:\/\/laloba.pl\/kosmetyka\/wp-json\/wp\/v2\/posts\/4285\/revisions"}],"wp:featuredmedia":[{"embeddable":true,"href":"https:\/\/laloba.pl\/kosmetyka\/wp-json\/wp\/v2\/media\/4288"}],"wp:attachment":[{"href":"https:\/\/laloba.pl\/kosmetyka\/wp-json\/wp\/v2\/media?parent=4285"}],"wp:term":[{"taxonomy":"category","embeddable":true,"href":"https:\/\/laloba.pl\/kosmetyka\/wp-json\/wp\/v2\/categories?post=4285"},{"taxonomy":"post_tag","embeddable":true,"href":"https:\/\/laloba.pl\/kosmetyka\/wp-json\/wp\/v2\/tags?post=4285"}],"curies":[{"name":"wp","href":"https:\/\/api.w.org\/{rel}","templated":true}]}}