{"id":4462,"date":"2019-11-12T16:35:15","date_gmt":"2019-11-12T15:35:15","guid":{"rendered":"http:\/\/laloba.pl\/kosmetyka\/?p=4462"},"modified":"2020-01-20T18:40:54","modified_gmt":"2020-01-20T17:40:54","slug":"zlote-soboty","status":"publish","type":"post","link":"https:\/\/laloba.pl\/kosmetyka\/zlote-soboty\/","title":{"rendered":"Z\u0142ote soboty w gabinecie"},"content":{"rendered":"<h3><strong>Z\u0142ote soboty<\/strong><\/h3>\n<p>Od niedawna w naszych gabinetach kosmetycznych mo\u017cna skorzysta\u0107 z nowego, z\u0142otego zabiegu Clarena.<br \/>\nJest to zabieg polecany w szczeg\u00f3lno\u015bci dla cery dojrza\u0142ej, sk\u0142onnej do tworzenia si\u0119 zmarszczek, ale r\u00f3wnie\u017c suchej, zm\u0119czonej, pozbawionej blasku trac\u0105cej j\u0119drno\u015b\u0107.<br \/>\n<strong>Z\u0141OTE SOBOTY<\/strong> oznaczaj\u0105, \u017ce w ka\u017cd\u0105 sobot\u0119 do ko\u0144ca listopada (lub do odwo\u0142ania) mo\u017cna skorzysta\u0107 z odm\u0142adzaj\u0105co-roz\u015bwietlaj\u0105cych zabieg\u00f3w na bazie linii EGF Gold w ni\u017cszych cenach!<br \/>\nTego dnia mo\u017cna r\u00f3wnie\u017c wykupi\u0107 taki zabieg dla siebie lub kogo\u015b innego w formie Vouchera \u2013 do wykorzystania w innym terminie.<\/p>\n<p>Promocyjne ceny obowi\u0105zuj\u0105 tylko w soboty i dotycz\u0105 <strong>wszystkich wariant\u00f3w zabiegowych<\/strong>:<br \/>\n<strong>\u2022 zabieg podstawowy &#8211; 100 z\u0142 <del>130 z\u0142<\/del><\/strong><br \/>\n<strong>\u2022 zabieg z masa\u017cem &#8211; 120 z\u0142 <del>150 z\u0142<\/del><\/strong><br \/>\n<strong>\u2022 zabieg z mikrodermabrazj\u0105 lub kwasami &#8211; 130 z\u0142 <del>160 z\u0142<\/del><\/strong><br \/>\n<strong>\u2022 masa\u017c twarzy + z\u0142ote serum \u2013 70 z\u0142 <del>80 z\u0142<\/del><\/strong><\/p>\n<p>Dzia\u0142anie zabieg\u00f3w na bazie linii EGF Gold:<br \/>\n\u2022 stymulacja proces\u00f3w odnowy i regeneracji<br \/>\n\u2022 pobudzenie kom\u00f3rek sk\u00f3ry do produkcji kolagenu i elastyny<br \/>\n\u2022 redukcja zmarszczek i wiotko\u015bci sk\u00f3ry<br \/>\n\u2022 modelowanie owalu twarzy<br \/>\n\u2022 dzia\u0142anie regeneruj\u0105ce i od\u017cywcze<br \/>\n\u2022 g\u0142\u0119bokie nawil\u017cenie<br \/>\n\u2022 roz\u015bwietlenie cery<\/p>\n<p>G\u0142\u00f3wne sk\u0142adniki aktywne tej odm\u0142adzaj\u0105co-roz\u015bwietlaj\u0105cej linii to:<br \/>\n\u2022 biomimetyczny kompleks peptydowy Perfection Peptide P3 (poprawia napi\u0119cie i spr\u0119\u017cysto\u015b\u0107 sk\u00f3ry)<br \/>\n\u2022 czynniki EGF, IFG, FGF oraz VEGF (stymuluj\u0105 odnow\u0119 kom\u00f3rkow\u0105 nask\u00f3rka, pobudzaj\u0105 fibroblasty \u2013 kom\u00f3rki produkuj\u0105ce kolagen i elastyn\u0119, redukuj\u0105 zmarszczki i modeluj\u0105 owal twarzy)<br \/>\n\u2022 bio-placenta (regeneruje sk\u00f3r\u0119 w\u0142a\u015bciw\u0105 oraz pobudza prac\u0119 fibroblast\u00f3w)<br \/>\n\u2022 koloidalne z\u0142oto (zapewnia roz\u015bwietlenie i przywr\u00f3cenie blasku, wspomaga wch\u0142aniania innych substancji aktywnych)<br \/>\n\u2022 Matrixyl\u00ae3000 (stymuluje produkcj\u0119 kolagenu i elastyny, poprawiaj\u0105c<br \/>\nspr\u0119\u017cysto\u015b\u0107 i napi\u0119cie sk\u00f3ry)<\/p>\n<p>Zach\u0119camy do zapis\u00f3w \ud83d\ude42<\/p>\n<p>&nbsp;<\/p>\n<p>[vc_row][vc_column]<a\thref=\"https:\/\/laloba.pl\/kosmetyka\/cennik\/\" \n\t\t\t\tclass=\"button btn_medium btn_theme_color btn_rounded btn_3d icon_pos_before   \"  target='_self'> <i class='icon icon-look'><\/i> <span>Aktualny cennik pe\u0142nej oferty<\/span><\/a>[\/vc_column][\/vc_row]<\/p>\n","protected":false},"excerpt":{"rendered":"<p>Z\u0142ote soboty Od niedawna w naszych gabinetach kosmetycznych mo\u017cna skorzysta\u0107 z nowego, z\u0142otego zabiegu Clarena. Jest to zabieg polecany w szczeg\u00f3lno\u015bci dla cery dojrza\u0142ej, sk\u0142onnej do tworzenia si\u0119 zmarszczek, ale r\u00f3wnie\u017c suchej, zm\u0119czonej, pozbawionej blasku trac\u0105cej j\u0119drno\u015b\u0107. Z\u0141OTE SOBOTY oznaczaj\u0105, \u017ce w ka\u017cd\u0105 sobot\u0119 do ko\u0144ca listopada (lub do odwo\u0142ania) mo\u017cna skorzysta\u0107 z odm\u0142adzaj\u0105co-roz\u015bwietlaj\u0105cych zabieg\u00f3w na bazie linii EGF Gold<\/p>\n<div class=\"h10\"><\/div>\n<p><a class=\"more-link2 flat\" href=\"https:\/\/laloba.pl\/kosmetyka\/zlote-soboty\/\">Czytaj wi\u0119cej<\/a><\/p>\n","protected":false},"author":3,"featured_media":4474,"comment_status":"closed","ping_status":"closed","sticky":false,"template":"","format":"standard","meta":[],"categories":[3,13],"tags":[292],"yoast_head":"<!-- This site is optimized with the Yoast SEO Premium plugin v18.4 (Yoast SEO v19.6.1) - https:\/\/yoast.com\/wordpress\/plugins\/seo\/ -->\n<title>Z\u0142ote soboty w gabinecie - Gabinet Kosmetyczny LaLoba<\/title>\n<meta name=\"robots\" content=\"index, follow, max-snippet:-1, max-image-preview:large, max-video-preview:-1\" \/>\n<link rel=\"canonical\" href=\"https:\/\/laloba.pl\/kosmetyka\/zlote-soboty\/\" \/>\n<meta property=\"og:locale\" content=\"pl_PL\" \/>\n<meta property=\"og:type\" content=\"article\" \/>\n<meta property=\"og:title\" content=\"Z\u0142ote soboty w gabinecie\" \/>\n<meta property=\"og:description\" content=\"Z\u0142ote soboty Od niedawna w naszych gabinetach kosmetycznych mo\u017cna skorzysta\u0107 z nowego, z\u0142otego zabiegu Clarena. Jest to zabieg polecany w szczeg\u00f3lno\u015bci dla cery dojrza\u0142ej, sk\u0142onnej do tworzenia si\u0119 zmarszczek, ale r\u00f3wnie\u017c suchej, zm\u0119czonej, pozbawionej blasku trac\u0105cej j\u0119drno\u015b\u0107. Z\u0141OTE SOBOTY oznaczaj\u0105, \u017ce w ka\u017cd\u0105 sobot\u0119 do ko\u0144ca listopada (lub do odwo\u0142ania) mo\u017cna skorzysta\u0107 z odm\u0142adzaj\u0105co-roz\u015bwietlaj\u0105cych zabieg\u00f3w na bazie linii EGF GoldCzytaj wi\u0119cej\" \/>\n<meta property=\"og:url\" content=\"https:\/\/laloba.pl\/kosmetyka\/zlote-soboty\/\" \/>\n<meta property=\"og:site_name\" content=\"Gabinet Kosmetyczny LaLoba\" \/>\n<meta property=\"article:published_time\" content=\"2019-11-12T15:35:15+00:00\" \/>\n<meta property=\"article:modified_time\" content=\"2020-01-20T17:40:54+00:00\" \/>\n<meta property=\"og:image\" content=\"https:\/\/laloba.pl\/kosmetyka\/wp-content\/uploads\/zloto.jpg\" \/>\n\t<meta property=\"og:image:width\" content=\"1200\" \/>\n\t<meta property=\"og:image:height\" content=\"800\" \/>\n\t<meta property=\"og:image:type\" content=\"image\/jpeg\" \/>\n<meta name=\"author\" content=\"Agnieszka Niemirowska-Kmiecik\" \/>\n<meta name=\"twitter:card\" content=\"summary\" \/>\n<meta name=\"twitter:label1\" content=\"Napisane przez\" \/>\n\t<meta name=\"twitter:data1\" content=\"Agnieszka Niemirowska-Kmiecik\" \/>\n\t<meta name=\"twitter:label2\" content=\"Szacowany czas czytania\" \/>\n\t<meta name=\"twitter:data2\" content=\"2 minuty\" \/>\n<script type=\"application\/ld+json\" class=\"yoast-schema-graph\">{\"@context\":\"https:\/\/schema.org\",\"@graph\":[{\"@type\":\"WebPage\",\"@id\":\"https:\/\/laloba.pl\/kosmetyka\/zlote-soboty\/\",\"url\":\"https:\/\/laloba.pl\/kosmetyka\/zlote-soboty\/\",\"name\":\"Z\u0142ote soboty w gabinecie - Gabinet Kosmetyczny LaLoba\",\"isPartOf\":{\"@id\":\"https:\/\/laloba.pl\/kosmetyka\/#website\"},\"datePublished\":\"2019-11-12T15:35:15+00:00\",\"dateModified\":\"2020-01-20T17:40:54+00:00\",\"author\":{\"@id\":\"https:\/\/laloba.pl\/kosmetyka\/#\/schema\/person\/525636a22f21bafdf3364456e47a65d7\"},\"breadcrumb\":{\"@id\":\"https:\/\/laloba.pl\/kosmetyka\/zlote-soboty\/#breadcrumb\"},\"inLanguage\":\"pl-PL\",\"potentialAction\":[{\"@type\":\"ReadAction\",\"target\":[\"https:\/\/laloba.pl\/kosmetyka\/zlote-soboty\/\"]}]},{\"@type\":\"BreadcrumbList\",\"@id\":\"https:\/\/laloba.pl\/kosmetyka\/zlote-soboty\/#breadcrumb\",\"itemListElement\":[{\"@type\":\"ListItem\",\"position\":1,\"name\":\"Strona g\u0142\u00f3wna\",\"item\":\"https:\/\/laloba.pl\/kosmetyka\/\"},{\"@type\":\"ListItem\",\"position\":2,\"name\":\"Z\u0142ote soboty w gabinecie\"}]},{\"@type\":\"WebSite\",\"@id\":\"https:\/\/laloba.pl\/kosmetyka\/#website\",\"url\":\"https:\/\/laloba.pl\/kosmetyka\/\",\"name\":\"Gabinet Kosmetyczny LaLoba\",\"description\":\"LaLoba Care&amp;Activity\",\"potentialAction\":[{\"@type\":\"SearchAction\",\"target\":{\"@type\":\"EntryPoint\",\"urlTemplate\":\"https:\/\/laloba.pl\/kosmetyka\/?s={search_term_string}\"},\"query-input\":\"required name=search_term_string\"}],\"inLanguage\":\"pl-PL\"},{\"@type\":\"Person\",\"@id\":\"https:\/\/laloba.pl\/kosmetyka\/#\/schema\/person\/525636a22f21bafdf3364456e47a65d7\",\"name\":\"Agnieszka Niemirowska-Kmiecik\",\"image\":{\"@type\":\"ImageObject\",\"inLanguage\":\"pl-PL\",\"@id\":\"https:\/\/laloba.pl\/kosmetyka\/#\/schema\/person\/image\/\",\"url\":\"https:\/\/secure.gravatar.com\/avatar\/4d6e985064c7f1b864f9093c6f2d4abc?s=96&d=mm&r=g\",\"contentUrl\":\"https:\/\/secure.gravatar.com\/avatar\/4d6e985064c7f1b864f9093c6f2d4abc?s=96&d=mm&r=g\",\"caption\":\"Agnieszka Niemirowska-Kmiecik\"},\"url\":\"https:\/\/laloba.pl\/kosmetyka\/author\/admin\/\"}]}<\/script>\n<!-- \/ Yoast SEO Premium plugin. -->","yoast_head_json":{"title":"Z\u0142ote soboty w gabinecie - Gabinet Kosmetyczny LaLoba","robots":{"index":"index","follow":"follow","max-snippet":"max-snippet:-1","max-image-preview":"max-image-preview:large","max-video-preview":"max-video-preview:-1"},"canonical":"https:\/\/laloba.pl\/kosmetyka\/zlote-soboty\/","og_locale":"pl_PL","og_type":"article","og_title":"Z\u0142ote soboty w gabinecie","og_description":"Z\u0142ote soboty Od niedawna w naszych gabinetach kosmetycznych mo\u017cna skorzysta\u0107 z nowego, z\u0142otego zabiegu Clarena. Jest to zabieg polecany w szczeg\u00f3lno\u015bci dla cery dojrza\u0142ej, sk\u0142onnej do tworzenia si\u0119 zmarszczek, ale r\u00f3wnie\u017c suchej, zm\u0119czonej, pozbawionej blasku trac\u0105cej j\u0119drno\u015b\u0107. Z\u0141OTE SOBOTY oznaczaj\u0105, \u017ce w ka\u017cd\u0105 sobot\u0119 do ko\u0144ca listopada (lub do odwo\u0142ania) mo\u017cna skorzysta\u0107 z odm\u0142adzaj\u0105co-roz\u015bwietlaj\u0105cych zabieg\u00f3w na bazie linii EGF GoldCzytaj wi\u0119cej","og_url":"https:\/\/laloba.pl\/kosmetyka\/zlote-soboty\/","og_site_name":"Gabinet Kosmetyczny LaLoba","article_published_time":"2019-11-12T15:35:15+00:00","article_modified_time":"2020-01-20T17:40:54+00:00","og_image":[{"width":1200,"height":800,"url":"https:\/\/laloba.pl\/kosmetyka\/wp-content\/uploads\/zloto.jpg","type":"image\/jpeg"}],"author":"Agnieszka Niemirowska-Kmiecik","twitter_card":"summary","twitter_misc":{"Napisane przez":"Agnieszka Niemirowska-Kmiecik","Szacowany czas czytania":"2 minuty"},"schema":{"@context":"https:\/\/schema.org","@graph":[{"@type":"WebPage","@id":"https:\/\/laloba.pl\/kosmetyka\/zlote-soboty\/","url":"https:\/\/laloba.pl\/kosmetyka\/zlote-soboty\/","name":"Z\u0142ote soboty w gabinecie - Gabinet Kosmetyczny LaLoba","isPartOf":{"@id":"https:\/\/laloba.pl\/kosmetyka\/#website"},"datePublished":"2019-11-12T15:35:15+00:00","dateModified":"2020-01-20T17:40:54+00:00","author":{"@id":"https:\/\/laloba.pl\/kosmetyka\/#\/schema\/person\/525636a22f21bafdf3364456e47a65d7"},"breadcrumb":{"@id":"https:\/\/laloba.pl\/kosmetyka\/zlote-soboty\/#breadcrumb"},"inLanguage":"pl-PL","potentialAction":[{"@type":"ReadAction","target":["https:\/\/laloba.pl\/kosmetyka\/zlote-soboty\/"]}]},{"@type":"BreadcrumbList","@id":"https:\/\/laloba.pl\/kosmetyka\/zlote-soboty\/#breadcrumb","itemListElement":[{"@type":"ListItem","position":1,"name":"Strona g\u0142\u00f3wna","item":"https:\/\/laloba.pl\/kosmetyka\/"},{"@type":"ListItem","position":2,"name":"Z\u0142ote soboty w gabinecie"}]},{"@type":"WebSite","@id":"https:\/\/laloba.pl\/kosmetyka\/#website","url":"https:\/\/laloba.pl\/kosmetyka\/","name":"Gabinet Kosmetyczny LaLoba","description":"LaLoba Care&amp;Activity","potentialAction":[{"@type":"SearchAction","target":{"@type":"EntryPoint","urlTemplate":"https:\/\/laloba.pl\/kosmetyka\/?s={search_term_string}"},"query-input":"required name=search_term_string"}],"inLanguage":"pl-PL"},{"@type":"Person","@id":"https:\/\/laloba.pl\/kosmetyka\/#\/schema\/person\/525636a22f21bafdf3364456e47a65d7","name":"Agnieszka Niemirowska-Kmiecik","image":{"@type":"ImageObject","inLanguage":"pl-PL","@id":"https:\/\/laloba.pl\/kosmetyka\/#\/schema\/person\/image\/","url":"https:\/\/secure.gravatar.com\/avatar\/4d6e985064c7f1b864f9093c6f2d4abc?s=96&d=mm&r=g","contentUrl":"https:\/\/secure.gravatar.com\/avatar\/4d6e985064c7f1b864f9093c6f2d4abc?s=96&d=mm&r=g","caption":"Agnieszka Niemirowska-Kmiecik"},"url":"https:\/\/laloba.pl\/kosmetyka\/author\/admin\/"}]}},"_links":{"self":[{"href":"https:\/\/laloba.pl\/kosmetyka\/wp-json\/wp\/v2\/posts\/4462"}],"collection":[{"href":"https:\/\/laloba.pl\/kosmetyka\/wp-json\/wp\/v2\/posts"}],"about":[{"href":"https:\/\/laloba.pl\/kosmetyka\/wp-json\/wp\/v2\/types\/post"}],"author":[{"embeddable":true,"href":"https:\/\/laloba.pl\/kosmetyka\/wp-json\/wp\/v2\/users\/3"}],"replies":[{"embeddable":true,"href":"https:\/\/laloba.pl\/kosmetyka\/wp-json\/wp\/v2\/comments?post=4462"}],"version-history":[{"count":0,"href":"https:\/\/laloba.pl\/kosmetyka\/wp-json\/wp\/v2\/posts\/4462\/revisions"}],"wp:featuredmedia":[{"embeddable":true,"href":"https:\/\/laloba.pl\/kosmetyka\/wp-json\/wp\/v2\/media\/4474"}],"wp:attachment":[{"href":"https:\/\/laloba.pl\/kosmetyka\/wp-json\/wp\/v2\/media?parent=4462"}],"wp:term":[{"taxonomy":"category","embeddable":true,"href":"https:\/\/laloba.pl\/kosmetyka\/wp-json\/wp\/v2\/categories?post=4462"},{"taxonomy":"post_tag","embeddable":true,"href":"https:\/\/laloba.pl\/kosmetyka\/wp-json\/wp\/v2\/tags?post=4462"}],"curies":[{"name":"wp","href":"https:\/\/api.w.org\/{rel}","templated":true}]}}