{"id":4503,"date":"2020-01-20T18:38:26","date_gmt":"2020-01-20T17:38:26","guid":{"rendered":"http:\/\/laloba.pl\/kosmetyka\/?p=4503"},"modified":"2020-01-20T18:38:26","modified_gmt":"2020-01-20T17:38:26","slug":"dbaj-o-siebie-zima","status":"publish","type":"post","link":"https:\/\/laloba.pl\/kosmetyka\/dbaj-o-siebie-zima\/","title":{"rendered":"Dbaj o siebie zim\u0105"},"content":{"rendered":"<h3><strong>Zimowe promocje w gabinecie!<\/strong><\/h3>\n<h4>Zimowe wsparcie dla cery!<\/h4>\n<ul>\n<li>Ekspresowy zabieg dotleniaj\u0105cy (Clarena) \u2013 79 z\u0142 <del>100 z\u0142<\/del> &#8211; cera zm\u0119czona, niedotleniona, mieszana<\/li>\n<li>Mikrodermabrazja + zabieg probiotyczny (Clarena) \u2013 129 z\u0142 <del>160 z\u0142<\/del> &#8211; cera sucha, wra\u017cliwa o os\u0142abion\u0105 odporno\u015bci\u0105<\/li>\n<li>Dermapen + kwas hialuronowy i wit. C (Mesoboost) \u2013 250 z\u0142 <del>330 z\u0142<\/del>\u00a0cera sucha, zm\u0119czona, sk\u0142onna do przebarwie\u0144 i utraty j\u0119drno\u015bci<\/li>\n<li>Mezoterapia ig\u0142owa (koktajle Antiox i Vitalift) \u2013 twarz 250 z\u0142 <del>300 z\u0142<\/del>\u00a0cera zm\u0119czona, z pierwszymi oznakami starzenia<\/li>\n<li>Multiwitaminowy masa\u017c twarzy + booster Alkemie \u2013 99 z\u0142 <del>110 z\u0142<\/del>\u00a0cera szara, zm\u0119czona, pozbawiona blasku<\/li>\n<\/ul>\n<h4>Czas na kwas!<\/h4>\n<p>Glow \u2013 zabieg z kwasami dla cery zm\u0119czonej (AcidBoost)<\/p>\n<ul>\n<li>podstawowy \u2013 99 z\u0142 (120 z\u0142); pakiet 4 zabieg\u00f3w* \u2013 380 z\u0142 <del>480 z\u0142<\/del><\/li>\n<li>rozszerzony \u2013 129 z\u0142 (160 z\u0142); pakiet 4 zabieg\u00f3w* \u2013 500 z\u0142 <del>640 z\u0142<\/del><\/li>\n<\/ul>\n<p>Anti-Acne \u2013 zabieg z kwasami dla cery t\u0142ustej (Clarena) \u2013 119 z\u0142 <del>140 z\u0142 <\/del>pakiet 4 zabieg\u00f3w* \u2013 440 z\u0142 <del>560 z\u0142<\/del><br \/>\nAnti-Age \u2013 zabieg z kwasami dla cery dojrza\u0142ej (Clarena) \u2013 119 z\u0142 <del>140 z\u0142 <\/del>pakiet 4 zabieg\u00f3w* \u2013 440 z\u0142 <del>560 z\u0142<\/del><br \/>\nAnti-Rosacea + wit U \u2013 zabieg dla cery naczynkowej (Clarena) \u2013 139 z\u0142 <del>160z\u0142<\/del>; pakiet 4 zabieg\u00f3w* \u2013 520 z\u0142 <del>640 z\u0142<\/del><\/p>\n<p>* Pakiety p\u0142atne z g\u00f3ry, do wykorzystania w ci\u0105gu 2 m-cy. Cz\u0119stotliwo\u015b\u0107 zabieg\u00f3w w serii &#8211; co 10-14 dni.<br \/>\nPromocje obowi\u0105zuj\u0105 do ko\u0144ca lutego 2020 lub do odwo\u0142ania.<\/p>\n<p>&nbsp;<\/p>\n<h4>Nie zwlekaj do wiosny \u2013 zadbaj o cia\u0142o ju\u017c dzi\u015b!<\/h4>\n<p>Pakiet modeluj\u0105cy sylwetk\u0119 &#8211; 6 zabieg\u00f3w 590 z\u0142* 780 z\u0142<\/p>\n<ul>\n<li>do wyboru dermomasa\u017c BPU i\/lub lipolaser 30 minut (konfiguracja dowolna)<\/li>\n<li>dodatkowo lipoliza iniekcyjna &#8211; pierwszy zabieg 30 % taniej<\/li>\n<\/ul>\n<p>* Oferta promocyjna dotyczy zakupu karnet\u00f3w na 6 zabieg\u00f3w i obowi\u0105zuje do 29.02.2020.<\/p>\n<p>Frost Peel na cia\u0142o \u2013 intensywny peeling kwasem TCA, redukcja przebarwie\u0144, niedoskona\u0142o\u015bci i rozst\u0119p\u00f3w<\/p>\n<ul>\n<li>jeden segment \u2013 129 z\u0142 <del>160 z\u0142<\/del><\/li>\n<li>wi\u0119kszy obszar \u2013 169 z\u0142 <del>240 z\u0142<\/del><\/li>\n<\/ul>\n<h3>Zapisz si\u0119 na bezp\u0142atn\u0105 konsultacj\u0119 z modelowania i uj\u0119drniania sylwetki oraz biustu.<\/h3>\n<p>&nbsp;<\/p>\n<p>[vc_row][vc_column]<a\thref=\"https:\/\/laloba.pl\/kosmetyka\/cennik\/\" \n\t\t\t\tclass=\"button btn_medium btn_theme_color btn_rounded btn_3d icon_pos_before   \"  target='_self'> <i class='icon icon-look'><\/i> <span>Aktualny cennik pe\u0142nej oferty<\/span><\/a>[\/vc_column][\/vc_row]<\/p>\n","protected":false},"excerpt":{"rendered":"<p>Zimowe promocje w gabinecie! Zimowe wsparcie dla cery! Ekspresowy zabieg dotleniaj\u0105cy (Clarena) \u2013 79 z\u0142 100 z\u0142 &#8211; cera zm\u0119czona, niedotleniona, mieszana Mikrodermabrazja + zabieg probiotyczny (Clarena) \u2013 129 z\u0142 160 z\u0142 &#8211; cera sucha, wra\u017cliwa o os\u0142abion\u0105 odporno\u015bci\u0105 Dermapen + kwas hialuronowy i wit. C (Mesoboost) \u2013 250 z\u0142 330 z\u0142\u00a0cera sucha, zm\u0119czona, sk\u0142onna do przebarwie\u0144 i utraty j\u0119drno\u015bci<\/p>\n<div class=\"h10\"><\/div>\n<p><a class=\"more-link2 flat\" href=\"https:\/\/laloba.pl\/kosmetyka\/dbaj-o-siebie-zima\/\">Czytaj wi\u0119cej<\/a><\/p>\n","protected":false},"author":3,"featured_media":4504,"comment_status":"closed","ping_status":"closed","sticky":false,"template":"","format":"standard","meta":[],"categories":[3,13],"tags":[295],"yoast_head":"<!-- This site is optimized with the Yoast SEO Premium plugin v18.4 (Yoast SEO v19.6.1) - https:\/\/yoast.com\/wordpress\/plugins\/seo\/ -->\n<title>Dbaj o siebie zim\u0105 - Gabinet Kosmetyczny LaLoba<\/title>\n<meta name=\"robots\" content=\"index, follow, max-snippet:-1, max-image-preview:large, max-video-preview:-1\" \/>\n<link rel=\"canonical\" href=\"https:\/\/laloba.pl\/kosmetyka\/dbaj-o-siebie-zima\/\" \/>\n<meta property=\"og:locale\" content=\"pl_PL\" \/>\n<meta property=\"og:type\" content=\"article\" \/>\n<meta property=\"og:title\" content=\"Dbaj o siebie zim\u0105\" \/>\n<meta property=\"og:description\" content=\"Zimowe promocje w gabinecie! Zimowe wsparcie dla cery! Ekspresowy zabieg dotleniaj\u0105cy (Clarena) \u2013 79 z\u0142 100 z\u0142 &#8211; cera zm\u0119czona, niedotleniona, mieszana Mikrodermabrazja + zabieg probiotyczny (Clarena) \u2013 129 z\u0142 160 z\u0142 &#8211; cera sucha, wra\u017cliwa o os\u0142abion\u0105 odporno\u015bci\u0105 Dermapen + kwas hialuronowy i wit. C (Mesoboost) \u2013 250 z\u0142 330 z\u0142\u00a0cera sucha, zm\u0119czona, sk\u0142onna do przebarwie\u0144 i utraty j\u0119drno\u015bciCzytaj wi\u0119cej\" \/>\n<meta property=\"og:url\" content=\"https:\/\/laloba.pl\/kosmetyka\/dbaj-o-siebie-zima\/\" \/>\n<meta property=\"og:site_name\" content=\"Gabinet Kosmetyczny LaLoba\" \/>\n<meta property=\"article:published_time\" content=\"2020-01-20T17:38:26+00:00\" \/>\n<meta property=\"og:image\" content=\"https:\/\/laloba.pl\/kosmetyka\/wp-content\/uploads\/zima1.jpg\" \/>\n\t<meta property=\"og:image:width\" content=\"1200\" \/>\n\t<meta property=\"og:image:height\" content=\"800\" \/>\n\t<meta property=\"og:image:type\" content=\"image\/jpeg\" \/>\n<meta name=\"author\" content=\"Agnieszka Niemirowska-Kmiecik\" \/>\n<meta name=\"twitter:card\" content=\"summary\" \/>\n<meta name=\"twitter:label1\" content=\"Napisane przez\" \/>\n\t<meta name=\"twitter:data1\" content=\"Agnieszka Niemirowska-Kmiecik\" \/>\n\t<meta name=\"twitter:label2\" content=\"Szacowany czas czytania\" \/>\n\t<meta name=\"twitter:data2\" content=\"2 minuty\" \/>\n<script type=\"application\/ld+json\" class=\"yoast-schema-graph\">{\"@context\":\"https:\/\/schema.org\",\"@graph\":[{\"@type\":\"WebPage\",\"@id\":\"https:\/\/laloba.pl\/kosmetyka\/dbaj-o-siebie-zima\/\",\"url\":\"https:\/\/laloba.pl\/kosmetyka\/dbaj-o-siebie-zima\/\",\"name\":\"Dbaj o siebie zim\u0105 - Gabinet Kosmetyczny LaLoba\",\"isPartOf\":{\"@id\":\"https:\/\/laloba.pl\/kosmetyka\/#website\"},\"datePublished\":\"2020-01-20T17:38:26+00:00\",\"dateModified\":\"2020-01-20T17:38:26+00:00\",\"author\":{\"@id\":\"https:\/\/laloba.pl\/kosmetyka\/#\/schema\/person\/525636a22f21bafdf3364456e47a65d7\"},\"breadcrumb\":{\"@id\":\"https:\/\/laloba.pl\/kosmetyka\/dbaj-o-siebie-zima\/#breadcrumb\"},\"inLanguage\":\"pl-PL\",\"potentialAction\":[{\"@type\":\"ReadAction\",\"target\":[\"https:\/\/laloba.pl\/kosmetyka\/dbaj-o-siebie-zima\/\"]}]},{\"@type\":\"BreadcrumbList\",\"@id\":\"https:\/\/laloba.pl\/kosmetyka\/dbaj-o-siebie-zima\/#breadcrumb\",\"itemListElement\":[{\"@type\":\"ListItem\",\"position\":1,\"name\":\"Strona g\u0142\u00f3wna\",\"item\":\"https:\/\/laloba.pl\/kosmetyka\/\"},{\"@type\":\"ListItem\",\"position\":2,\"name\":\"Dbaj o siebie zim\u0105\"}]},{\"@type\":\"WebSite\",\"@id\":\"https:\/\/laloba.pl\/kosmetyka\/#website\",\"url\":\"https:\/\/laloba.pl\/kosmetyka\/\",\"name\":\"Gabinet Kosmetyczny LaLoba\",\"description\":\"LaLoba Care&amp;Activity\",\"potentialAction\":[{\"@type\":\"SearchAction\",\"target\":{\"@type\":\"EntryPoint\",\"urlTemplate\":\"https:\/\/laloba.pl\/kosmetyka\/?s={search_term_string}\"},\"query-input\":\"required name=search_term_string\"}],\"inLanguage\":\"pl-PL\"},{\"@type\":\"Person\",\"@id\":\"https:\/\/laloba.pl\/kosmetyka\/#\/schema\/person\/525636a22f21bafdf3364456e47a65d7\",\"name\":\"Agnieszka Niemirowska-Kmiecik\",\"image\":{\"@type\":\"ImageObject\",\"inLanguage\":\"pl-PL\",\"@id\":\"https:\/\/laloba.pl\/kosmetyka\/#\/schema\/person\/image\/\",\"url\":\"https:\/\/secure.gravatar.com\/avatar\/4d6e985064c7f1b864f9093c6f2d4abc?s=96&d=mm&r=g\",\"contentUrl\":\"https:\/\/secure.gravatar.com\/avatar\/4d6e985064c7f1b864f9093c6f2d4abc?s=96&d=mm&r=g\",\"caption\":\"Agnieszka Niemirowska-Kmiecik\"},\"url\":\"https:\/\/laloba.pl\/kosmetyka\/author\/admin\/\"}]}<\/script>\n<!-- \/ Yoast SEO Premium plugin. -->","yoast_head_json":{"title":"Dbaj o siebie zim\u0105 - Gabinet Kosmetyczny LaLoba","robots":{"index":"index","follow":"follow","max-snippet":"max-snippet:-1","max-image-preview":"max-image-preview:large","max-video-preview":"max-video-preview:-1"},"canonical":"https:\/\/laloba.pl\/kosmetyka\/dbaj-o-siebie-zima\/","og_locale":"pl_PL","og_type":"article","og_title":"Dbaj o siebie zim\u0105","og_description":"Zimowe promocje w gabinecie! Zimowe wsparcie dla cery! Ekspresowy zabieg dotleniaj\u0105cy (Clarena) \u2013 79 z\u0142 100 z\u0142 &#8211; cera zm\u0119czona, niedotleniona, mieszana Mikrodermabrazja + zabieg probiotyczny (Clarena) \u2013 129 z\u0142 160 z\u0142 &#8211; cera sucha, wra\u017cliwa o os\u0142abion\u0105 odporno\u015bci\u0105 Dermapen + kwas hialuronowy i wit. C (Mesoboost) \u2013 250 z\u0142 330 z\u0142\u00a0cera sucha, zm\u0119czona, sk\u0142onna do przebarwie\u0144 i utraty j\u0119drno\u015bciCzytaj wi\u0119cej","og_url":"https:\/\/laloba.pl\/kosmetyka\/dbaj-o-siebie-zima\/","og_site_name":"Gabinet Kosmetyczny LaLoba","article_published_time":"2020-01-20T17:38:26+00:00","og_image":[{"width":1200,"height":800,"url":"https:\/\/laloba.pl\/kosmetyka\/wp-content\/uploads\/zima1.jpg","type":"image\/jpeg"}],"author":"Agnieszka Niemirowska-Kmiecik","twitter_card":"summary","twitter_misc":{"Napisane przez":"Agnieszka Niemirowska-Kmiecik","Szacowany czas czytania":"2 minuty"},"schema":{"@context":"https:\/\/schema.org","@graph":[{"@type":"WebPage","@id":"https:\/\/laloba.pl\/kosmetyka\/dbaj-o-siebie-zima\/","url":"https:\/\/laloba.pl\/kosmetyka\/dbaj-o-siebie-zima\/","name":"Dbaj o siebie zim\u0105 - Gabinet Kosmetyczny LaLoba","isPartOf":{"@id":"https:\/\/laloba.pl\/kosmetyka\/#website"},"datePublished":"2020-01-20T17:38:26+00:00","dateModified":"2020-01-20T17:38:26+00:00","author":{"@id":"https:\/\/laloba.pl\/kosmetyka\/#\/schema\/person\/525636a22f21bafdf3364456e47a65d7"},"breadcrumb":{"@id":"https:\/\/laloba.pl\/kosmetyka\/dbaj-o-siebie-zima\/#breadcrumb"},"inLanguage":"pl-PL","potentialAction":[{"@type":"ReadAction","target":["https:\/\/laloba.pl\/kosmetyka\/dbaj-o-siebie-zima\/"]}]},{"@type":"BreadcrumbList","@id":"https:\/\/laloba.pl\/kosmetyka\/dbaj-o-siebie-zima\/#breadcrumb","itemListElement":[{"@type":"ListItem","position":1,"name":"Strona g\u0142\u00f3wna","item":"https:\/\/laloba.pl\/kosmetyka\/"},{"@type":"ListItem","position":2,"name":"Dbaj o siebie zim\u0105"}]},{"@type":"WebSite","@id":"https:\/\/laloba.pl\/kosmetyka\/#website","url":"https:\/\/laloba.pl\/kosmetyka\/","name":"Gabinet Kosmetyczny LaLoba","description":"LaLoba Care&amp;Activity","potentialAction":[{"@type":"SearchAction","target":{"@type":"EntryPoint","urlTemplate":"https:\/\/laloba.pl\/kosmetyka\/?s={search_term_string}"},"query-input":"required name=search_term_string"}],"inLanguage":"pl-PL"},{"@type":"Person","@id":"https:\/\/laloba.pl\/kosmetyka\/#\/schema\/person\/525636a22f21bafdf3364456e47a65d7","name":"Agnieszka Niemirowska-Kmiecik","image":{"@type":"ImageObject","inLanguage":"pl-PL","@id":"https:\/\/laloba.pl\/kosmetyka\/#\/schema\/person\/image\/","url":"https:\/\/secure.gravatar.com\/avatar\/4d6e985064c7f1b864f9093c6f2d4abc?s=96&d=mm&r=g","contentUrl":"https:\/\/secure.gravatar.com\/avatar\/4d6e985064c7f1b864f9093c6f2d4abc?s=96&d=mm&r=g","caption":"Agnieszka Niemirowska-Kmiecik"},"url":"https:\/\/laloba.pl\/kosmetyka\/author\/admin\/"}]}},"_links":{"self":[{"href":"https:\/\/laloba.pl\/kosmetyka\/wp-json\/wp\/v2\/posts\/4503"}],"collection":[{"href":"https:\/\/laloba.pl\/kosmetyka\/wp-json\/wp\/v2\/posts"}],"about":[{"href":"https:\/\/laloba.pl\/kosmetyka\/wp-json\/wp\/v2\/types\/post"}],"author":[{"embeddable":true,"href":"https:\/\/laloba.pl\/kosmetyka\/wp-json\/wp\/v2\/users\/3"}],"replies":[{"embeddable":true,"href":"https:\/\/laloba.pl\/kosmetyka\/wp-json\/wp\/v2\/comments?post=4503"}],"version-history":[{"count":0,"href":"https:\/\/laloba.pl\/kosmetyka\/wp-json\/wp\/v2\/posts\/4503\/revisions"}],"wp:featuredmedia":[{"embeddable":true,"href":"https:\/\/laloba.pl\/kosmetyka\/wp-json\/wp\/v2\/media\/4504"}],"wp:attachment":[{"href":"https:\/\/laloba.pl\/kosmetyka\/wp-json\/wp\/v2\/media?parent=4503"}],"wp:term":[{"taxonomy":"category","embeddable":true,"href":"https:\/\/laloba.pl\/kosmetyka\/wp-json\/wp\/v2\/categories?post=4503"},{"taxonomy":"post_tag","embeddable":true,"href":"https:\/\/laloba.pl\/kosmetyka\/wp-json\/wp\/v2\/tags?post=4503"}],"curies":[{"name":"wp","href":"https:\/\/api.w.org\/{rel}","templated":true}]}}