{"id":8380,"date":"2021-03-07T18:39:10","date_gmt":"2021-03-07T17:39:10","guid":{"rendered":"https:\/\/laloba.pl\/kosmetyka\/?p=8380"},"modified":"2021-03-07T18:39:58","modified_gmt":"2021-03-07T17:39:58","slug":"biusty-w-gore","status":"publish","type":"post","link":"https:\/\/laloba.pl\/kosmetyka\/biusty-w-gore\/","title":{"rendered":"Biusty w g\u00f3r\u0119!"},"content":{"rendered":"<p>Nasze drogie Panie, dumne posiadaczki piersi! Zanim si\u0119 obejrzymy b\u0119dzie lato, czas wi\u0119c zadba\u0107 o biust i dekolt!<!--more--><\/p>\n<p>Wsp\u00f3lnie mo\u017cemy zdzia\u0142a\u0107 na prawd\u0119 wiele. Dlatego je\u017celi dotyczy Ci\u0119 problem wiotkiej i ma\u0142o j\u0119drnej sk\u00f3ry biustu, widocznych oznak starzenia na dekolcie, rozst\u0119p\u00f3w (np. po zmianie masy cia\u0142a, ci\u0105\u017cy, laktacji), mamy dla Ciebie sprawdzone i skuteczne zabiegi.<\/p>\n<p>Je\u015bli nie jeste\u015b pewna czy warto, um\u00f3w si\u0119 wcze\u015bniej na <strong>bezp\u0142atn\u0105 konsultacj\u0119<\/strong>. Ustalimy dla Ciebie indywidualny plan dzia\u0142ania w domu i w gabinecie. Zapraszamy r\u00f3wnie\u017c mamy karmi\u0105ce \ud83d\ude42<\/p>\n<h4><strong>Dlaczego warto zacz\u0105\u0107 dzia\u0142a\u0107 ju\u017c teraz?<\/strong><\/h4>\n<ul>\n<li>sk\u00f3ra potrzebuje czasu \u2013 je\u015bli zaczniemy z wyprzedzeniem, zd\u0105\u017cy porz\u0105dnie \u201epopracowa\u0107\u201d, aby osi\u0105gn\u0105\u0107 widoczne efekty<\/li>\n<li>jest jeszcze do\u015b\u0107 ch\u0142odno, dzi\u0119ki czemu mamy do dyspozycji pe\u0142en wachlarz zabieg\u00f3w (nie musimy rezygnowa\u0107 z zabieg\u00f3w niewskazanych w okresie letnim, ani martwi\u0107 si\u0119 promieniami UV na dekolcie)<\/li>\n<li>warto wreszcie zrobi\u0107 co\u015b dla siebie i zadba\u0107 o tak kobiec\u0105 cz\u0119\u015b\u0107 cia\u0142a, jak\u0105 jest biust \u2013 bo to naprawd\u0119 dzia\u0142a!<\/li>\n<li>uzupe\u0142nili\u015bmy nasz\u0105 ofert\u0119 o nowe zabiegi i produkty<\/li>\n<li>zabiegi dobieramy indywidualnie, uwzgl\u0119dniaj\u0105c mo\u017cliwo\u015bci czasowe, finansowe i inne czynniki \u017cyciowe<\/li>\n<li>je\u015bli karmisz, zacznij dzia\u0142a\u0107 nim ca\u0142kiem przestaniesz \u2013 efekty b\u0119d\u0105 du\u017co szybciej<\/li>\n<li><strong>od marca do ko\u0144ca maja pakiety 6 zabieg\u00f3w na biust s\u0105 20% taniej<\/strong><\/li>\n<li>pakiety mog\u0105 by\u0107 mieszane, czyli na r\u00f3\u017cne, indywidualnie dobierane zabiegi<\/li>\n<li>mo\u017cesz wybra\u0107 dogodn\u0105 dla siebie opcj\u0119 p\u0142atno\u015bci: wykup karnetu lub odliczenie rabatu na koniec serii<\/li>\n<li>zapraszamy na bezp\u0142atne konsultacje<\/li>\n<\/ul>\n<p>&nbsp;<\/p>\n<p>Opcje p\u0142atno\u015bci:<\/p>\n<p><strong>karnet:<\/strong><\/p>\n<p>Podczas pierwszego zabiegu lub konsultacji ustalamy prognozowan\u0105 kwot\u0119 za sugerowanych 6 zabieg\u00f3w. Wykupujesz karnet na t\u0105 kwot\u0119, a my wpisujemy go do naszego systemu. Ka\u017cdorazowo odejmujemy z Twojego karnetu kwot\u0119 zabiegu pomniejszon\u0105 o 20%. Na koniec rozliczamy ewentualn\u0105 niedop\u0142at\u0119\/nadp\u0142at\u0119.<\/p>\n<p><strong>odliczenie od ostatniego zabiegu:<\/strong><\/p>\n<p>Nie musisz kupowa\u0107 karnetu od razu. Przychodzisz na zabiegi zgodnie z ustalonym planem i za pierwsze pi\u0119\u0107 p\u0142acisz normaln\u0105, regularn\u0105 cen\u0119. Od ich sumy odejmujemy 20%, co daje nadp\u0142at\u0119 do odliczenia od sz\u00f3stego zabiegu.<\/p>\n<p><strong>Wa\u017cne:<\/strong><\/p>\n<p>aby moc skorzysta\u0107 z rabatu seria zabiegowa powinna si\u0119 zmie\u015bci\u0107 w 3 miesi\u0105cach od daty pierwszego zabiegu. Sugerowane odst\u0119py mi\u0119dzy zabiegami to oko\u0142o 14 dni. Istnieje mo\u017cliwo\u015b\u0107 przed\u0142u\u017cenia karnetu \u2013 w zale\u017cno\u015bci od indywidualnych wskaza\u0144 i ustale\u0144.<\/p>\n<p>&nbsp;<\/p>\n<p>Serie zabiegowe najcz\u0119\u015bciej s\u0105 mieszane. Dobieramy je indywidualnie, w zale\u017cno\u015bci od wskaza\u0144 i przeciwwskaza\u0144 oraz mo\u017cliwo\u015bci czasowych naszych Klientek.<\/p>\n<p>Najcz\u0119\u015bciej stosujemy zabiegi z dermapenem, frakcyjnymi falami radiowymi, mikrodermabrazj\u0105, kwasami, masa\u017cem. Pracujemy r\u00f3wnie\u017c z kobietami w okresie laktacji.<\/p>\n<p>Informacje, rezerwacje, zakup bon\u00f3w i zapisy: tel <a href=\"tel:+48609668207\">609 668 207<\/a>, <a href=\"mailto:kosmetyka@laloba.pl\">kosmetyka@laloba.pl<\/a>.<br \/>\nKontakt z recepcj\u0105 LaLoba:<a href=\"tel:+48123073330\">12 307 33 30<\/a>, <a href=\"tel:+48570577677\">570 577 677<\/a><\/p>\n<p>&nbsp;<\/p>\n<p>[vc_row][vc_column]<a\thref=\"https:\/\/laloba.pl\/kosmetyka\/cennik\/\" \n\t\t\t\tclass=\"button btn_medium btn_theme_color btn_rounded btn_3d icon_pos_before   \"  target='_self'> <i class='icon icon-look'><\/i> <span>Aktualny cennik pe\u0142nej oferty<\/span><\/a>[\/vc_column][\/vc_row]<\/p>\n","protected":false},"excerpt":{"rendered":"<p>Nasze drogie Panie, dumne posiadaczki piersi! Zanim si\u0119 obejrzymy b\u0119dzie lato, czas wi\u0119c zadba\u0107 o biust i dekolt!<\/p>\n","protected":false},"author":3,"featured_media":8381,"comment_status":"closed","ping_status":"closed","sticky":false,"template":"","format":"standard","meta":[],"categories":[3,13],"tags":[422],"yoast_head":"<!-- This site is optimized with the Yoast SEO Premium plugin v18.4 (Yoast SEO v19.6.1) - https:\/\/yoast.com\/wordpress\/plugins\/seo\/ -->\n<title>Biusty w g\u00f3r\u0119! - Gabinet Kosmetyczny LaLoba<\/title>\n<meta name=\"robots\" content=\"index, follow, max-snippet:-1, max-image-preview:large, max-video-preview:-1\" \/>\n<link rel=\"canonical\" href=\"https:\/\/laloba.pl\/kosmetyka\/biusty-w-gore\/\" \/>\n<meta property=\"og:locale\" content=\"pl_PL\" \/>\n<meta property=\"og:type\" content=\"article\" \/>\n<meta property=\"og:title\" content=\"Biusty w g\u00f3r\u0119!\" \/>\n<meta property=\"og:description\" content=\"Nasze drogie Panie, dumne posiadaczki piersi! Zanim si\u0119 obejrzymy b\u0119dzie lato, czas wi\u0119c zadba\u0107 o biust i dekolt!\" \/>\n<meta property=\"og:url\" content=\"https:\/\/laloba.pl\/kosmetyka\/biusty-w-gore\/\" \/>\n<meta property=\"og:site_name\" content=\"Gabinet Kosmetyczny LaLoba\" \/>\n<meta property=\"article:published_time\" content=\"2021-03-07T17:39:10+00:00\" \/>\n<meta property=\"article:modified_time\" content=\"2021-03-07T17:39:58+00:00\" \/>\n<meta property=\"og:image\" content=\"https:\/\/laloba.pl\/kosmetyka\/wp-content\/uploads\/biust.jpg\" \/>\n\t<meta property=\"og:image:width\" content=\"1200\" \/>\n\t<meta property=\"og:image:height\" content=\"800\" \/>\n\t<meta property=\"og:image:type\" content=\"image\/jpeg\" \/>\n<meta name=\"author\" content=\"Agnieszka Niemirowska-Kmiecik\" \/>\n<meta name=\"twitter:card\" content=\"summary\" \/>\n<meta name=\"twitter:label1\" content=\"Napisane przez\" \/>\n\t<meta name=\"twitter:data1\" content=\"Agnieszka Niemirowska-Kmiecik\" \/>\n\t<meta name=\"twitter:label2\" content=\"Szacowany czas czytania\" \/>\n\t<meta name=\"twitter:data2\" content=\"2 minuty\" \/>\n<script type=\"application\/ld+json\" class=\"yoast-schema-graph\">{\"@context\":\"https:\/\/schema.org\",\"@graph\":[{\"@type\":\"WebPage\",\"@id\":\"https:\/\/laloba.pl\/kosmetyka\/biusty-w-gore\/\",\"url\":\"https:\/\/laloba.pl\/kosmetyka\/biusty-w-gore\/\",\"name\":\"Biusty w g\u00f3r\u0119! - Gabinet Kosmetyczny LaLoba\",\"isPartOf\":{\"@id\":\"https:\/\/laloba.pl\/kosmetyka\/#website\"},\"datePublished\":\"2021-03-07T17:39:10+00:00\",\"dateModified\":\"2021-03-07T17:39:58+00:00\",\"author\":{\"@id\":\"https:\/\/laloba.pl\/kosmetyka\/#\/schema\/person\/525636a22f21bafdf3364456e47a65d7\"},\"breadcrumb\":{\"@id\":\"https:\/\/laloba.pl\/kosmetyka\/biusty-w-gore\/#breadcrumb\"},\"inLanguage\":\"pl-PL\",\"potentialAction\":[{\"@type\":\"ReadAction\",\"target\":[\"https:\/\/laloba.pl\/kosmetyka\/biusty-w-gore\/\"]}]},{\"@type\":\"BreadcrumbList\",\"@id\":\"https:\/\/laloba.pl\/kosmetyka\/biusty-w-gore\/#breadcrumb\",\"itemListElement\":[{\"@type\":\"ListItem\",\"position\":1,\"name\":\"Strona g\u0142\u00f3wna\",\"item\":\"https:\/\/laloba.pl\/kosmetyka\/\"},{\"@type\":\"ListItem\",\"position\":2,\"name\":\"Biusty w g\u00f3r\u0119!\"}]},{\"@type\":\"WebSite\",\"@id\":\"https:\/\/laloba.pl\/kosmetyka\/#website\",\"url\":\"https:\/\/laloba.pl\/kosmetyka\/\",\"name\":\"Gabinet Kosmetyczny LaLoba\",\"description\":\"LaLoba Care&amp;Activity\",\"potentialAction\":[{\"@type\":\"SearchAction\",\"target\":{\"@type\":\"EntryPoint\",\"urlTemplate\":\"https:\/\/laloba.pl\/kosmetyka\/?s={search_term_string}\"},\"query-input\":\"required name=search_term_string\"}],\"inLanguage\":\"pl-PL\"},{\"@type\":\"Person\",\"@id\":\"https:\/\/laloba.pl\/kosmetyka\/#\/schema\/person\/525636a22f21bafdf3364456e47a65d7\",\"name\":\"Agnieszka Niemirowska-Kmiecik\",\"image\":{\"@type\":\"ImageObject\",\"inLanguage\":\"pl-PL\",\"@id\":\"https:\/\/laloba.pl\/kosmetyka\/#\/schema\/person\/image\/\",\"url\":\"https:\/\/secure.gravatar.com\/avatar\/4d6e985064c7f1b864f9093c6f2d4abc?s=96&d=mm&r=g\",\"contentUrl\":\"https:\/\/secure.gravatar.com\/avatar\/4d6e985064c7f1b864f9093c6f2d4abc?s=96&d=mm&r=g\",\"caption\":\"Agnieszka Niemirowska-Kmiecik\"},\"url\":\"https:\/\/laloba.pl\/kosmetyka\/author\/admin\/\"}]}<\/script>\n<!-- \/ Yoast SEO Premium plugin. -->","yoast_head_json":{"title":"Biusty w g\u00f3r\u0119! - Gabinet Kosmetyczny LaLoba","robots":{"index":"index","follow":"follow","max-snippet":"max-snippet:-1","max-image-preview":"max-image-preview:large","max-video-preview":"max-video-preview:-1"},"canonical":"https:\/\/laloba.pl\/kosmetyka\/biusty-w-gore\/","og_locale":"pl_PL","og_type":"article","og_title":"Biusty w g\u00f3r\u0119!","og_description":"Nasze drogie Panie, dumne posiadaczki piersi! Zanim si\u0119 obejrzymy b\u0119dzie lato, czas wi\u0119c zadba\u0107 o biust i dekolt!","og_url":"https:\/\/laloba.pl\/kosmetyka\/biusty-w-gore\/","og_site_name":"Gabinet Kosmetyczny LaLoba","article_published_time":"2021-03-07T17:39:10+00:00","article_modified_time":"2021-03-07T17:39:58+00:00","og_image":[{"width":1200,"height":800,"url":"https:\/\/laloba.pl\/kosmetyka\/wp-content\/uploads\/biust.jpg","type":"image\/jpeg"}],"author":"Agnieszka Niemirowska-Kmiecik","twitter_card":"summary","twitter_misc":{"Napisane przez":"Agnieszka Niemirowska-Kmiecik","Szacowany czas czytania":"2 minuty"},"schema":{"@context":"https:\/\/schema.org","@graph":[{"@type":"WebPage","@id":"https:\/\/laloba.pl\/kosmetyka\/biusty-w-gore\/","url":"https:\/\/laloba.pl\/kosmetyka\/biusty-w-gore\/","name":"Biusty w g\u00f3r\u0119! - Gabinet Kosmetyczny LaLoba","isPartOf":{"@id":"https:\/\/laloba.pl\/kosmetyka\/#website"},"datePublished":"2021-03-07T17:39:10+00:00","dateModified":"2021-03-07T17:39:58+00:00","author":{"@id":"https:\/\/laloba.pl\/kosmetyka\/#\/schema\/person\/525636a22f21bafdf3364456e47a65d7"},"breadcrumb":{"@id":"https:\/\/laloba.pl\/kosmetyka\/biusty-w-gore\/#breadcrumb"},"inLanguage":"pl-PL","potentialAction":[{"@type":"ReadAction","target":["https:\/\/laloba.pl\/kosmetyka\/biusty-w-gore\/"]}]},{"@type":"BreadcrumbList","@id":"https:\/\/laloba.pl\/kosmetyka\/biusty-w-gore\/#breadcrumb","itemListElement":[{"@type":"ListItem","position":1,"name":"Strona g\u0142\u00f3wna","item":"https:\/\/laloba.pl\/kosmetyka\/"},{"@type":"ListItem","position":2,"name":"Biusty w g\u00f3r\u0119!"}]},{"@type":"WebSite","@id":"https:\/\/laloba.pl\/kosmetyka\/#website","url":"https:\/\/laloba.pl\/kosmetyka\/","name":"Gabinet Kosmetyczny LaLoba","description":"LaLoba Care&amp;Activity","potentialAction":[{"@type":"SearchAction","target":{"@type":"EntryPoint","urlTemplate":"https:\/\/laloba.pl\/kosmetyka\/?s={search_term_string}"},"query-input":"required name=search_term_string"}],"inLanguage":"pl-PL"},{"@type":"Person","@id":"https:\/\/laloba.pl\/kosmetyka\/#\/schema\/person\/525636a22f21bafdf3364456e47a65d7","name":"Agnieszka Niemirowska-Kmiecik","image":{"@type":"ImageObject","inLanguage":"pl-PL","@id":"https:\/\/laloba.pl\/kosmetyka\/#\/schema\/person\/image\/","url":"https:\/\/secure.gravatar.com\/avatar\/4d6e985064c7f1b864f9093c6f2d4abc?s=96&d=mm&r=g","contentUrl":"https:\/\/secure.gravatar.com\/avatar\/4d6e985064c7f1b864f9093c6f2d4abc?s=96&d=mm&r=g","caption":"Agnieszka Niemirowska-Kmiecik"},"url":"https:\/\/laloba.pl\/kosmetyka\/author\/admin\/"}]}},"_links":{"self":[{"href":"https:\/\/laloba.pl\/kosmetyka\/wp-json\/wp\/v2\/posts\/8380"}],"collection":[{"href":"https:\/\/laloba.pl\/kosmetyka\/wp-json\/wp\/v2\/posts"}],"about":[{"href":"https:\/\/laloba.pl\/kosmetyka\/wp-json\/wp\/v2\/types\/post"}],"author":[{"embeddable":true,"href":"https:\/\/laloba.pl\/kosmetyka\/wp-json\/wp\/v2\/users\/3"}],"replies":[{"embeddable":true,"href":"https:\/\/laloba.pl\/kosmetyka\/wp-json\/wp\/v2\/comments?post=8380"}],"version-history":[{"count":0,"href":"https:\/\/laloba.pl\/kosmetyka\/wp-json\/wp\/v2\/posts\/8380\/revisions"}],"wp:featuredmedia":[{"embeddable":true,"href":"https:\/\/laloba.pl\/kosmetyka\/wp-json\/wp\/v2\/media\/8381"}],"wp:attachment":[{"href":"https:\/\/laloba.pl\/kosmetyka\/wp-json\/wp\/v2\/media?parent=8380"}],"wp:term":[{"taxonomy":"category","embeddable":true,"href":"https:\/\/laloba.pl\/kosmetyka\/wp-json\/wp\/v2\/categories?post=8380"},{"taxonomy":"post_tag","embeddable":true,"href":"https:\/\/laloba.pl\/kosmetyka\/wp-json\/wp\/v2\/tags?post=8380"}],"curies":[{"name":"wp","href":"https:\/\/api.w.org\/{rel}","templated":true}]}}