{"id":8934,"date":"2022-01-11T21:52:28","date_gmt":"2022-01-11T20:52:28","guid":{"rendered":"https:\/\/laloba.pl\/kosmetyka\/?p=8934"},"modified":"2022-01-11T21:53:00","modified_gmt":"2022-01-11T20:53:00","slug":"pielegnuj-skore-zima","status":"publish","type":"post","link":"https:\/\/laloba.pl\/kosmetyka\/pielegnuj-skore-zima\/","title":{"rendered":"Piel\u0119gnuj sk\u00f3r\u0119 zim\u0105"},"content":{"rendered":"<p>Czy dobrze dbasz sk\u00f3r\u0119 zim\u0105?<!--more--><\/p>\n<p>Zim\u0105 Twoja sk\u00f3ra mo\u017ce mie\u0107 zupe\u0142nie inne potrzeby ni\u017c latem. Dzieje si\u0119 tak, poniewa\u017c stale wp\u0142ywaj\u0105 na ni\u0105 r\u00f3\u017cnorodne czynniki zewn\u0119trzne (np. zimno, wiatr, ogrzewanie, smog) i wewn\u0119trzne (np. niedotlenienie, niedobory witamin), kt\u00f3re zmieniaj\u0105 si\u0119 wraz z porami roku. Aby dobrze zadba\u0107 o sk\u00f3r\u0119, nale\u017cy jej si\u0119 przede wszystkim przyjrze\u0107, pos\u0142ucha\u0107 jej potrzeb i zastanowi\u0107 si\u0119 nad zmianami, jakie w niej ostatnio zasz\u0142y.<\/p>\n<p>Niezale\u017cnie od tego, czy Twoja cera potrzebuje obecnie nawil\u017cenia, wzmocnienia odporno\u015bci, rozja\u015bnienia przebarwie\u0144, redukcji tr\u0105dziku czy liftingu i poprawy napi\u0119cia \u2013 na pewno znajdziesz dla niej co\u015b dobrego w naszej zimowej zabiegowej ofercie specjalnej.<\/p>\n<h4>Polecamy mi\u0119dzy innymi:<\/h4>\n<ul>\n<li><strong>Lift Peel (Peel Mission)<\/strong> \u2013 odm\u0142adzaj\u0105co-liftinguj\u0105cy zabieg na twarz, szyj\u0119 i dekolt.<\/li>\n<li><strong>Eternal Glow (Organique)<\/strong> \u2013 relaksuj\u0105cy, uj\u0119drniaj\u0105co-roz\u015bwietlaj\u0105cy zabieg z masa\u017cem twarzy, szyi i dekoltu.<\/li>\n<li><strong>Probio Balance (Clarena)<\/strong> \u2013 od\u017cywczo-nawil\u017caj\u0105cy zabieg probiotyczny z delikatnym masa\u017cem twarzy i mask\u0105 algow\u0105.<\/li>\n<li><strong>Mezoterai\u0119 mikroig\u0142ow\u0105 + serum MesoBoost<\/strong> \u2013 do wyboru: kwas hialuronowy, kolagen, witamina C, arnika, elastyna lub Immuno.<\/li>\n<li><strong>Thermofrax (radiofrekwencja mikroig\u0142owa)<\/strong> \u2013 zabieg aktywuj\u0105cy proces przebudowy i produkcji kolagenu, poprawiaj\u0105cy napi\u0119cie i g\u0119sto\u015b\u0107 sk\u00f3ry.<\/li>\n<li><strong>Pakiet 4 x zabieg na twarz z kwasami + krem AcidBoost GRATIS<\/strong> \u2013 do wyboru krem: Pimple, Melano, Lift, Recovery lub Glow<\/li>\n<li><strong>Maska na d\u0142onie do zabiegu na twarz<\/strong> + 30 z\u0142 \u2013 ratunek dla przesuszonej zim\u0105 sk\u00f3ry d\u0142oni<\/li>\n<\/ul>\n<p>&nbsp;<\/p>\n<p>[vc_row][vc_column]<a\thref=\"https:\/\/laloba.pl\/kosmetyka\/cennik\/\" \n\t\t\t\tclass=\"button btn_medium btn_theme_color btn_rounded btn_3d icon_pos_before   \"  target='_self'> <i class='icon icon-look'><\/i> <span>Aktualny cennik pe\u0142nej oferty<\/span><\/a>[\/vc_column][\/vc_row]<\/p>\n<p>&nbsp;<\/p>\n","protected":false},"excerpt":{"rendered":"<p>Czy dobrze dbasz sk\u00f3r\u0119 zim\u0105?<\/p>\n","protected":false},"author":3,"featured_media":4727,"comment_status":"closed","ping_status":"closed","sticky":false,"template":"","format":"standard","meta":[],"categories":[3,13],"tags":[315],"yoast_head":"<!-- This site is optimized with the Yoast SEO Premium plugin v18.4 (Yoast SEO v19.6.1) - https:\/\/yoast.com\/wordpress\/plugins\/seo\/ -->\n<title>Piel\u0119gnuj sk\u00f3r\u0119 zim\u0105 - Gabinet Kosmetyczny LaLoba<\/title>\n<meta name=\"description\" content=\"Jak dba\u0107 o cer\u0119 zim\u0105? Zobacz propozycje gabinetu LaLoba. W ofercie dedykowane zabiegi i kosmetyki. Um\u00f3w si\u0119 ju\u017c teraz : 609 668 207 lub kosmetyka@laloba.pl\" \/>\n<meta name=\"robots\" content=\"index, follow, max-snippet:-1, max-image-preview:large, max-video-preview:-1\" \/>\n<link rel=\"canonical\" href=\"https:\/\/laloba.pl\/kosmetyka\/pielegnuj-skore-zima\/\" \/>\n<meta property=\"og:locale\" content=\"pl_PL\" \/>\n<meta property=\"og:type\" content=\"article\" \/>\n<meta property=\"og:title\" content=\"Piel\u0119gnuj sk\u00f3r\u0119 zim\u0105\" \/>\n<meta property=\"og:description\" content=\"Jak dba\u0107 o cer\u0119 zim\u0105? Zobacz propozycje gabinetu LaLoba. W ofercie dedykowane zabiegi i kosmetyki. Um\u00f3w si\u0119 ju\u017c teraz : 609 668 207 lub kosmetyka@laloba.pl\" \/>\n<meta property=\"og:url\" content=\"https:\/\/laloba.pl\/kosmetyka\/pielegnuj-skore-zima\/\" \/>\n<meta property=\"og:site_name\" content=\"Gabinet Kosmetyczny LaLoba\" \/>\n<meta property=\"article:published_time\" content=\"2022-01-11T20:52:28+00:00\" \/>\n<meta property=\"article:modified_time\" content=\"2022-01-11T20:53:00+00:00\" \/>\n<meta property=\"og:image\" content=\"https:\/\/laloba.pl\/kosmetyka\/wp-content\/uploads\/zima2.jpg\" \/>\n\t<meta property=\"og:image:width\" content=\"1200\" \/>\n\t<meta property=\"og:image:height\" content=\"800\" \/>\n\t<meta property=\"og:image:type\" content=\"image\/jpeg\" \/>\n<meta name=\"author\" content=\"Agnieszka Niemirowska-Kmiecik\" \/>\n<meta name=\"twitter:card\" content=\"summary\" \/>\n<meta name=\"twitter:label1\" content=\"Napisane przez\" \/>\n\t<meta name=\"twitter:data1\" content=\"Agnieszka Niemirowska-Kmiecik\" \/>\n\t<meta name=\"twitter:label2\" content=\"Szacowany czas czytania\" \/>\n\t<meta name=\"twitter:data2\" content=\"1 minuta\" \/>\n<script type=\"application\/ld+json\" class=\"yoast-schema-graph\">{\"@context\":\"https:\/\/schema.org\",\"@graph\":[{\"@type\":\"WebPage\",\"@id\":\"https:\/\/laloba.pl\/kosmetyka\/pielegnuj-skore-zima\/\",\"url\":\"https:\/\/laloba.pl\/kosmetyka\/pielegnuj-skore-zima\/\",\"name\":\"Piel\u0119gnuj sk\u00f3r\u0119 zim\u0105 - Gabinet Kosmetyczny LaLoba\",\"isPartOf\":{\"@id\":\"https:\/\/laloba.pl\/kosmetyka\/#website\"},\"datePublished\":\"2022-01-11T20:52:28+00:00\",\"dateModified\":\"2022-01-11T20:53:00+00:00\",\"author\":{\"@id\":\"https:\/\/laloba.pl\/kosmetyka\/#\/schema\/person\/525636a22f21bafdf3364456e47a65d7\"},\"description\":\"Jak dba\u0107 o cer\u0119 zim\u0105? Zobacz propozycje gabinetu LaLoba. W ofercie dedykowane zabiegi i kosmetyki. Um\u00f3w si\u0119 ju\u017c teraz : 609 668 207 lub kosmetyka@laloba.pl\",\"breadcrumb\":{\"@id\":\"https:\/\/laloba.pl\/kosmetyka\/pielegnuj-skore-zima\/#breadcrumb\"},\"inLanguage\":\"pl-PL\",\"potentialAction\":[{\"@type\":\"ReadAction\",\"target\":[\"https:\/\/laloba.pl\/kosmetyka\/pielegnuj-skore-zima\/\"]}]},{\"@type\":\"BreadcrumbList\",\"@id\":\"https:\/\/laloba.pl\/kosmetyka\/pielegnuj-skore-zima\/#breadcrumb\",\"itemListElement\":[{\"@type\":\"ListItem\",\"position\":1,\"name\":\"Strona g\u0142\u00f3wna\",\"item\":\"https:\/\/laloba.pl\/kosmetyka\/\"},{\"@type\":\"ListItem\",\"position\":2,\"name\":\"Piel\u0119gnuj sk\u00f3r\u0119 zim\u0105\"}]},{\"@type\":\"WebSite\",\"@id\":\"https:\/\/laloba.pl\/kosmetyka\/#website\",\"url\":\"https:\/\/laloba.pl\/kosmetyka\/\",\"name\":\"Gabinet Kosmetyczny LaLoba\",\"description\":\"LaLoba Care&amp;Activity\",\"potentialAction\":[{\"@type\":\"SearchAction\",\"target\":{\"@type\":\"EntryPoint\",\"urlTemplate\":\"https:\/\/laloba.pl\/kosmetyka\/?s={search_term_string}\"},\"query-input\":\"required name=search_term_string\"}],\"inLanguage\":\"pl-PL\"},{\"@type\":\"Person\",\"@id\":\"https:\/\/laloba.pl\/kosmetyka\/#\/schema\/person\/525636a22f21bafdf3364456e47a65d7\",\"name\":\"Agnieszka Niemirowska-Kmiecik\",\"image\":{\"@type\":\"ImageObject\",\"inLanguage\":\"pl-PL\",\"@id\":\"https:\/\/laloba.pl\/kosmetyka\/#\/schema\/person\/image\/\",\"url\":\"https:\/\/secure.gravatar.com\/avatar\/4d6e985064c7f1b864f9093c6f2d4abc?s=96&d=mm&r=g\",\"contentUrl\":\"https:\/\/secure.gravatar.com\/avatar\/4d6e985064c7f1b864f9093c6f2d4abc?s=96&d=mm&r=g\",\"caption\":\"Agnieszka Niemirowska-Kmiecik\"},\"url\":\"https:\/\/laloba.pl\/kosmetyka\/author\/admin\/\"}]}<\/script>\n<!-- \/ Yoast SEO Premium plugin. -->","yoast_head_json":{"title":"Piel\u0119gnuj sk\u00f3r\u0119 zim\u0105 - Gabinet Kosmetyczny LaLoba","description":"Jak dba\u0107 o cer\u0119 zim\u0105? Zobacz propozycje gabinetu LaLoba. W ofercie dedykowane zabiegi i kosmetyki. Um\u00f3w si\u0119 ju\u017c teraz : 609 668 207 lub kosmetyka@laloba.pl","robots":{"index":"index","follow":"follow","max-snippet":"max-snippet:-1","max-image-preview":"max-image-preview:large","max-video-preview":"max-video-preview:-1"},"canonical":"https:\/\/laloba.pl\/kosmetyka\/pielegnuj-skore-zima\/","og_locale":"pl_PL","og_type":"article","og_title":"Piel\u0119gnuj sk\u00f3r\u0119 zim\u0105","og_description":"Jak dba\u0107 o cer\u0119 zim\u0105? Zobacz propozycje gabinetu LaLoba. W ofercie dedykowane zabiegi i kosmetyki. Um\u00f3w si\u0119 ju\u017c teraz : 609 668 207 lub kosmetyka@laloba.pl","og_url":"https:\/\/laloba.pl\/kosmetyka\/pielegnuj-skore-zima\/","og_site_name":"Gabinet Kosmetyczny LaLoba","article_published_time":"2022-01-11T20:52:28+00:00","article_modified_time":"2022-01-11T20:53:00+00:00","og_image":[{"width":1200,"height":800,"url":"https:\/\/laloba.pl\/kosmetyka\/wp-content\/uploads\/zima2.jpg","type":"image\/jpeg"}],"author":"Agnieszka Niemirowska-Kmiecik","twitter_card":"summary","twitter_misc":{"Napisane przez":"Agnieszka Niemirowska-Kmiecik","Szacowany czas czytania":"1 minuta"},"schema":{"@context":"https:\/\/schema.org","@graph":[{"@type":"WebPage","@id":"https:\/\/laloba.pl\/kosmetyka\/pielegnuj-skore-zima\/","url":"https:\/\/laloba.pl\/kosmetyka\/pielegnuj-skore-zima\/","name":"Piel\u0119gnuj sk\u00f3r\u0119 zim\u0105 - Gabinet Kosmetyczny LaLoba","isPartOf":{"@id":"https:\/\/laloba.pl\/kosmetyka\/#website"},"datePublished":"2022-01-11T20:52:28+00:00","dateModified":"2022-01-11T20:53:00+00:00","author":{"@id":"https:\/\/laloba.pl\/kosmetyka\/#\/schema\/person\/525636a22f21bafdf3364456e47a65d7"},"description":"Jak dba\u0107 o cer\u0119 zim\u0105? Zobacz propozycje gabinetu LaLoba. W ofercie dedykowane zabiegi i kosmetyki. Um\u00f3w si\u0119 ju\u017c teraz : 609 668 207 lub kosmetyka@laloba.pl","breadcrumb":{"@id":"https:\/\/laloba.pl\/kosmetyka\/pielegnuj-skore-zima\/#breadcrumb"},"inLanguage":"pl-PL","potentialAction":[{"@type":"ReadAction","target":["https:\/\/laloba.pl\/kosmetyka\/pielegnuj-skore-zima\/"]}]},{"@type":"BreadcrumbList","@id":"https:\/\/laloba.pl\/kosmetyka\/pielegnuj-skore-zima\/#breadcrumb","itemListElement":[{"@type":"ListItem","position":1,"name":"Strona g\u0142\u00f3wna","item":"https:\/\/laloba.pl\/kosmetyka\/"},{"@type":"ListItem","position":2,"name":"Piel\u0119gnuj sk\u00f3r\u0119 zim\u0105"}]},{"@type":"WebSite","@id":"https:\/\/laloba.pl\/kosmetyka\/#website","url":"https:\/\/laloba.pl\/kosmetyka\/","name":"Gabinet Kosmetyczny LaLoba","description":"LaLoba Care&amp;Activity","potentialAction":[{"@type":"SearchAction","target":{"@type":"EntryPoint","urlTemplate":"https:\/\/laloba.pl\/kosmetyka\/?s={search_term_string}"},"query-input":"required name=search_term_string"}],"inLanguage":"pl-PL"},{"@type":"Person","@id":"https:\/\/laloba.pl\/kosmetyka\/#\/schema\/person\/525636a22f21bafdf3364456e47a65d7","name":"Agnieszka Niemirowska-Kmiecik","image":{"@type":"ImageObject","inLanguage":"pl-PL","@id":"https:\/\/laloba.pl\/kosmetyka\/#\/schema\/person\/image\/","url":"https:\/\/secure.gravatar.com\/avatar\/4d6e985064c7f1b864f9093c6f2d4abc?s=96&d=mm&r=g","contentUrl":"https:\/\/secure.gravatar.com\/avatar\/4d6e985064c7f1b864f9093c6f2d4abc?s=96&d=mm&r=g","caption":"Agnieszka Niemirowska-Kmiecik"},"url":"https:\/\/laloba.pl\/kosmetyka\/author\/admin\/"}]}},"_links":{"self":[{"href":"https:\/\/laloba.pl\/kosmetyka\/wp-json\/wp\/v2\/posts\/8934"}],"collection":[{"href":"https:\/\/laloba.pl\/kosmetyka\/wp-json\/wp\/v2\/posts"}],"about":[{"href":"https:\/\/laloba.pl\/kosmetyka\/wp-json\/wp\/v2\/types\/post"}],"author":[{"embeddable":true,"href":"https:\/\/laloba.pl\/kosmetyka\/wp-json\/wp\/v2\/users\/3"}],"replies":[{"embeddable":true,"href":"https:\/\/laloba.pl\/kosmetyka\/wp-json\/wp\/v2\/comments?post=8934"}],"version-history":[{"count":2,"href":"https:\/\/laloba.pl\/kosmetyka\/wp-json\/wp\/v2\/posts\/8934\/revisions"}],"predecessor-version":[{"id":8936,"href":"https:\/\/laloba.pl\/kosmetyka\/wp-json\/wp\/v2\/posts\/8934\/revisions\/8936"}],"wp:featuredmedia":[{"embeddable":true,"href":"https:\/\/laloba.pl\/kosmetyka\/wp-json\/wp\/v2\/media\/4727"}],"wp:attachment":[{"href":"https:\/\/laloba.pl\/kosmetyka\/wp-json\/wp\/v2\/media?parent=8934"}],"wp:term":[{"taxonomy":"category","embeddable":true,"href":"https:\/\/laloba.pl\/kosmetyka\/wp-json\/wp\/v2\/categories?post=8934"},{"taxonomy":"post_tag","embeddable":true,"href":"https:\/\/laloba.pl\/kosmetyka\/wp-json\/wp\/v2\/tags?post=8934"}],"curies":[{"name":"wp","href":"https:\/\/api.w.org\/{rel}","templated":true}]}}